{"id":1920,"date":"2026-05-02T17:45:09","date_gmt":"2026-05-02T17:45:09","guid":{"rendered":"https:\/\/amical-buchenwald.org\/?p=1920"},"modified":"2026-05-02T17:46:41","modified_gmt":"2026-05-02T17:46:41","slug":"amical-de-buchenwald-ha-llevado-a-jovenes-de-todo-el-estado-a-buchenwald-y-weimar-este-abril-para-asistir-a-los-actos-del-81-aniversario-de-la-liberacion-del-campo","status":"publish","type":"post","link":"https:\/\/amical-buchenwald.org\/es\/amical-de-buchenwald-ha-llevado-a-jovenes-de-todo-el-estado-a-buchenwald-y-weimar-este-abril-para-asistir-a-los-actos-del-81-aniversario-de-la-liberacion-del-campo\/","title":{"rendered":"AMICAL DE BUCHENWALD HA LLEVADO A J\u00d3VENES DE TODO EL ESTADO A BUCHENWALD Y WEIMAR, ESTE ABRIL PARA ASISTIR A LOS ACTOS DEL 81 ANIVERSARIO DE LA LIBERACI\u00d3N DEL CAMPO"},"content":{"rendered":"<p class=\"western\" lang=\"ca-ES\"><span style=\"font-family: Arial, sans-serif;\"><span style=\"font-size: medium;\"><span lang=\"es-ES-u-co-trad\">Con el apoyo del Ministerio de Cultura de Espa\u00f1a, y los Institutos de Memoria de Navarra y Euskadi, Amical de Buchenwald han viajado a Weimar y Buchenwald un importante grupo de j\u00f3venes estudiantes de centros educativos del estado, para visitar este importante campo de concentraci\u00f3n nazi, el subcampo de Dora y la Ciudad pr\u00f3xima de Weimar. Los y las j\u00f3venes, acompa\u00f1ados por un grupo de adultos y familiares, han participado en varios actos de homenaje, entre ellos el acto institucional conmemorativo de la liberaci\u00f3n del campo, y el acto de homenaje a los deportados republicanos espa\u00f1oles a este campo el domingo 12 de abril a las ante la placa en su recuerdo en el Block 45.<\/span><\/span><\/span><\/p>\n<p class=\"western\" lang=\"ca-ES\"><span style=\"font-family: Arial, sans-serif;\"><span style=\"font-size: medium;\"><span lang=\"es-ES-u-co-trad\">Este viaje al igual que el del a\u00f1o pasado se integra en el compromiso del Ministerio de Cultura y las otras instituciones para fomentar la memoria, la defensa de los Derechos Humanos, de la Democracia y la prevenci\u00f3n del fascismo, con estas visitas a lugares emblem\u00e1ticos como Buchenwald, donde personalidades como Jorge Sempr\u00fan, Stephan Hessel o Elie Wiesel, sufrieron la barbarie nazi.<\/span><\/span><\/span><\/p>\n<p class=\"western\" lang=\"ca-ES\"><span style=\"font-family: Arial, sans-serif;\"><span style=\"font-size: medium;\"><span lang=\"es-ES-u-co-trad\">Puede descargarse el informe en el final de esta p\u00e1gina<\/span><\/span><\/span><\/p>\n","protected":false},"excerpt":{"rendered":"<p>Con el apoyo del Ministerio de Cultura de Espa\u00f1a, y los Institutos de Memoria de Navarra y Euskadi, Amical de Buchenwald han viajado a Weimar y Buchenwald un importante grupo de j\u00f3venes estudiantes de centros educativos del estado, para visitar este importante campo de concentraci\u00f3n nazi, el subcampo de Dora y la Ciudad pr\u00f3xima de [&hellip;]<\/p>\n","protected":false},"author":7,"featured_media":1912,"comment_status":"open","ping_status":"open","sticky":false,"template":"","format":"standard","meta":{"_acf_changed":false,"footnotes":""},"categories":[4,11,24],"tags":[],"class_list":["post-1920","post","type-post","status-publish","format-standard","has-post-thumbnail","hentry","category-actividades","category-noticias","category-proyecto-buchenwald"],"acf":[],"yoast_head":"<!-- This site is optimized with the Yoast SEO plugin v26.6 - https:\/\/yoast.com\/wordpress\/plugins\/seo\/ -->\n<title>AMICAL DE BUCHENWALD HA LLEVADO A J\u00d3VENES DE TODO EL ESTADO A BUCHENWALD Y WEIMAR, ESTE ABRIL PARA ASISTIR A LOS ACTOS DEL 81 ANIVERSARIO DE LA LIBERACI\u00d3N DEL CAMPO - Amical de Buchenwald<\/title>\n<meta name=\"robots\" content=\"index, follow, max-snippet:-1, max-image-preview:large, max-video-preview:-1\" \/>\n<link rel=\"canonical\" href=\"https:\/\/amical-buchenwald.org\/es\/amical-de-buchenwald-ha-llevado-a-jovenes-de-todo-el-estado-a-buchenwald-y-weimar-este-abril-para-asistir-a-los-actos-del-81-aniversario-de-la-liberacion-del-campo\/\" \/>\n<meta property=\"og:locale\" content=\"es_ES\" \/>\n<meta property=\"og:type\" content=\"article\" \/>\n<meta property=\"og:title\" content=\"AMICAL DE BUCHENWALD HA LLEVADO A J\u00d3VENES DE TODO EL ESTADO A BUCHENWALD Y WEIMAR, ESTE ABRIL PARA ASISTIR A LOS ACTOS DEL 81 ANIVERSARIO DE LA LIBERACI\u00d3N DEL CAMPO - Amical de Buchenwald\" \/>\n<meta property=\"og:description\" content=\"Con el apoyo del Ministerio de Cultura de Espa\u00f1a, y los Institutos de Memoria de Navarra y Euskadi, Amical de Buchenwald han viajado a Weimar y Buchenwald un importante grupo de j\u00f3venes estudiantes de centros educativos del estado, para visitar este importante campo de concentraci\u00f3n nazi, el subcampo de Dora y la Ciudad pr\u00f3xima de [&hellip;]\" \/>\n<meta property=\"og:url\" content=\"https:\/\/amical-buchenwald.org\/es\/amical-de-buchenwald-ha-llevado-a-jovenes-de-todo-el-estado-a-buchenwald-y-weimar-este-abril-para-asistir-a-los-actos-del-81-aniversario-de-la-liberacion-del-campo\/\" \/>\n<meta property=\"og:site_name\" content=\"Amical de Buchenwald\" \/>\n<meta property=\"article:published_time\" content=\"2026-05-02T17:45:09+00:00\" \/>\n<meta property=\"article:modified_time\" content=\"2026-05-02T17:46:41+00:00\" \/>\n<meta property=\"og:image\" content=\"http:\/\/amical-buchenwald.org\/wp-content\/uploads\/2026\/05\/34.jpeg\" \/>\n\t<meta property=\"og:image:width\" content=\"1600\" \/>\n\t<meta property=\"og:image:height\" content=\"1200\" \/>\n\t<meta property=\"og:image:type\" content=\"image\/jpeg\" \/>\n<meta name=\"author\" content=\"Administrador\" \/>\n<meta name=\"twitter:card\" content=\"summary_large_image\" \/>\n<meta name=\"twitter:label1\" content=\"Escrito por\" \/>\n\t<meta name=\"twitter:data1\" content=\"Administrador\" \/>\n\t<meta name=\"twitter:label2\" content=\"Tiempo de lectura\" \/>\n\t<meta name=\"twitter:data2\" content=\"2 minutos\" \/>\n<script type=\"application\/ld+json\" class=\"yoast-schema-graph\">{\"@context\":\"https:\/\/schema.org\",\"@graph\":[{\"@type\":\"WebPage\",\"@id\":\"https:\/\/amical-buchenwald.org\/es\/amical-de-buchenwald-ha-llevado-a-jovenes-de-todo-el-estado-a-buchenwald-y-weimar-este-abril-para-asistir-a-los-actos-del-81-aniversario-de-la-liberacion-del-campo\/\",\"url\":\"https:\/\/amical-buchenwald.org\/es\/amical-de-buchenwald-ha-llevado-a-jovenes-de-todo-el-estado-a-buchenwald-y-weimar-este-abril-para-asistir-a-los-actos-del-81-aniversario-de-la-liberacion-del-campo\/\",\"name\":\"AMICAL DE BUCHENWALD HA LLEVADO A J\u00d3VENES DE TODO EL ESTADO A BUCHENWALD Y WEIMAR, ESTE ABRIL PARA ASISTIR A LOS ACTOS DEL 81 ANIVERSARIO DE LA LIBERACI\u00d3N DEL CAMPO - Amical de Buchenwald\",\"isPartOf\":{\"@id\":\"https:\/\/amical-buchenwald.org\/#website\"},\"primaryImageOfPage\":{\"@id\":\"https:\/\/amical-buchenwald.org\/es\/amical-de-buchenwald-ha-llevado-a-jovenes-de-todo-el-estado-a-buchenwald-y-weimar-este-abril-para-asistir-a-los-actos-del-81-aniversario-de-la-liberacion-del-campo\/#primaryimage\"},\"image\":{\"@id\":\"https:\/\/amical-buchenwald.org\/es\/amical-de-buchenwald-ha-llevado-a-jovenes-de-todo-el-estado-a-buchenwald-y-weimar-este-abril-para-asistir-a-los-actos-del-81-aniversario-de-la-liberacion-del-campo\/#primaryimage\"},\"thumbnailUrl\":\"https:\/\/amical-buchenwald.org\/wp-content\/uploads\/2026\/05\/34.jpeg\",\"datePublished\":\"2026-05-02T17:45:09+00:00\",\"dateModified\":\"2026-05-02T17:46:41+00:00\",\"author\":{\"@id\":\"https:\/\/amical-buchenwald.org\/#\/schema\/person\/c9bab2aa9c8bb733e898235936fe9aa7\"},\"breadcrumb\":{\"@id\":\"https:\/\/amical-buchenwald.org\/es\/amical-de-buchenwald-ha-llevado-a-jovenes-de-todo-el-estado-a-buchenwald-y-weimar-este-abril-para-asistir-a-los-actos-del-81-aniversario-de-la-liberacion-del-campo\/#breadcrumb\"},\"inLanguage\":\"es\",\"potentialAction\":[{\"@type\":\"ReadAction\",\"target\":[\"https:\/\/amical-buchenwald.org\/es\/amical-de-buchenwald-ha-llevado-a-jovenes-de-todo-el-estado-a-buchenwald-y-weimar-este-abril-para-asistir-a-los-actos-del-81-aniversario-de-la-liberacion-del-campo\/\"]}]},{\"@type\":\"ImageObject\",\"inLanguage\":\"es\",\"@id\":\"https:\/\/amical-buchenwald.org\/es\/amical-de-buchenwald-ha-llevado-a-jovenes-de-todo-el-estado-a-buchenwald-y-weimar-este-abril-para-asistir-a-los-actos-del-81-aniversario-de-la-liberacion-del-campo\/#primaryimage\",\"url\":\"https:\/\/amical-buchenwald.org\/wp-content\/uploads\/2026\/05\/34.jpeg\",\"contentUrl\":\"https:\/\/amical-buchenwald.org\/wp-content\/uploads\/2026\/05\/34.jpeg\",\"width\":1600,\"height\":1200},{\"@type\":\"BreadcrumbList\",\"@id\":\"https:\/\/amical-buchenwald.org\/es\/amical-de-buchenwald-ha-llevado-a-jovenes-de-todo-el-estado-a-buchenwald-y-weimar-este-abril-para-asistir-a-los-actos-del-81-aniversario-de-la-liberacion-del-campo\/#breadcrumb\",\"itemListElement\":[{\"@type\":\"ListItem\",\"position\":1,\"name\":\"Inici\",\"item\":\"https:\/\/amical-buchenwald.org\/es\/\"},{\"@type\":\"ListItem\",\"position\":2,\"name\":\"AMICAL DE BUCHENWALD HA LLEVADO A J\u00d3VENES DE TODO EL ESTADO A BUCHENWALD Y WEIMAR, ESTE ABRIL PARA ASISTIR A LOS ACTOS DEL 81 ANIVERSARIO DE LA LIBERACI\u00d3N DEL CAMPO\"}]},{\"@type\":\"WebSite\",\"@id\":\"https:\/\/amical-buchenwald.org\/#website\",\"url\":\"https:\/\/amical-buchenwald.org\/\",\"name\":\"Amical de Buchenwald\",\"description\":\"\",\"potentialAction\":[{\"@type\":\"SearchAction\",\"target\":{\"@type\":\"EntryPoint\",\"urlTemplate\":\"https:\/\/amical-buchenwald.org\/?s={search_term_string}\"},\"query-input\":{\"@type\":\"PropertyValueSpecification\",\"valueRequired\":true,\"valueName\":\"search_term_string\"}}],\"inLanguage\":\"es\"},{\"@type\":\"Person\",\"@id\":\"https:\/\/amical-buchenwald.org\/#\/schema\/person\/c9bab2aa9c8bb733e898235936fe9aa7\",\"name\":\"Administrador\",\"image\":{\"@type\":\"ImageObject\",\"inLanguage\":\"es\",\"@id\":\"https:\/\/amical-buchenwald.org\/#\/schema\/person\/image\/\",\"url\":\"https:\/\/secure.gravatar.com\/avatar\/62782f0fcb027dfe28798440b5f171b1?s=96&d=mm&r=g\",\"contentUrl\":\"https:\/\/secure.gravatar.com\/avatar\/62782f0fcb027dfe28798440b5f171b1?s=96&d=mm&r=g\",\"caption\":\"Administrador\"},\"url\":\"https:\/\/amical-buchenwald.org\/es\/author\/adm-buchenwald2025\/\"}]}<\/script>\n<!-- \/ Yoast SEO plugin. -->","yoast_head_json":{"title":"AMICAL DE BUCHENWALD HA LLEVADO A J\u00d3VENES DE TODO EL ESTADO A BUCHENWALD Y WEIMAR, ESTE ABRIL PARA ASISTIR A LOS ACTOS DEL 81 ANIVERSARIO DE LA LIBERACI\u00d3N DEL CAMPO - Amical de Buchenwald","robots":{"index":"index","follow":"follow","max-snippet":"max-snippet:-1","max-image-preview":"max-image-preview:large","max-video-preview":"max-video-preview:-1"},"canonical":"https:\/\/amical-buchenwald.org\/es\/amical-de-buchenwald-ha-llevado-a-jovenes-de-todo-el-estado-a-buchenwald-y-weimar-este-abril-para-asistir-a-los-actos-del-81-aniversario-de-la-liberacion-del-campo\/","og_locale":"es_ES","og_type":"article","og_title":"AMICAL DE BUCHENWALD HA LLEVADO A J\u00d3VENES DE TODO EL ESTADO A BUCHENWALD Y WEIMAR, ESTE ABRIL PARA ASISTIR A LOS ACTOS DEL 81 ANIVERSARIO DE LA LIBERACI\u00d3N DEL CAMPO - Amical de Buchenwald","og_description":"Con el apoyo del Ministerio de Cultura de Espa\u00f1a, y los Institutos de Memoria de Navarra y Euskadi, Amical de Buchenwald han viajado a Weimar y Buchenwald un importante grupo de j\u00f3venes estudiantes de centros educativos del estado, para visitar este importante campo de concentraci\u00f3n nazi, el subcampo de Dora y la Ciudad pr\u00f3xima de [&hellip;]","og_url":"https:\/\/amical-buchenwald.org\/es\/amical-de-buchenwald-ha-llevado-a-jovenes-de-todo-el-estado-a-buchenwald-y-weimar-este-abril-para-asistir-a-los-actos-del-81-aniversario-de-la-liberacion-del-campo\/","og_site_name":"Amical de Buchenwald","article_published_time":"2026-05-02T17:45:09+00:00","article_modified_time":"2026-05-02T17:46:41+00:00","og_image":[{"width":1600,"height":1200,"url":"http:\/\/amical-buchenwald.org\/wp-content\/uploads\/2026\/05\/34.jpeg","type":"image\/jpeg"}],"author":"Administrador","twitter_card":"summary_large_image","twitter_misc":{"Escrito por":"Administrador","Tiempo de lectura":"2 minutos"},"schema":{"@context":"https:\/\/schema.org","@graph":[{"@type":"WebPage","@id":"https:\/\/amical-buchenwald.org\/es\/amical-de-buchenwald-ha-llevado-a-jovenes-de-todo-el-estado-a-buchenwald-y-weimar-este-abril-para-asistir-a-los-actos-del-81-aniversario-de-la-liberacion-del-campo\/","url":"https:\/\/amical-buchenwald.org\/es\/amical-de-buchenwald-ha-llevado-a-jovenes-de-todo-el-estado-a-buchenwald-y-weimar-este-abril-para-asistir-a-los-actos-del-81-aniversario-de-la-liberacion-del-campo\/","name":"AMICAL DE BUCHENWALD HA LLEVADO A J\u00d3VENES DE TODO EL ESTADO A BUCHENWALD Y WEIMAR, ESTE ABRIL PARA ASISTIR A LOS ACTOS DEL 81 ANIVERSARIO DE LA LIBERACI\u00d3N DEL CAMPO - Amical de Buchenwald","isPartOf":{"@id":"https:\/\/amical-buchenwald.org\/#website"},"primaryImageOfPage":{"@id":"https:\/\/amical-buchenwald.org\/es\/amical-de-buchenwald-ha-llevado-a-jovenes-de-todo-el-estado-a-buchenwald-y-weimar-este-abril-para-asistir-a-los-actos-del-81-aniversario-de-la-liberacion-del-campo\/#primaryimage"},"image":{"@id":"https:\/\/amical-buchenwald.org\/es\/amical-de-buchenwald-ha-llevado-a-jovenes-de-todo-el-estado-a-buchenwald-y-weimar-este-abril-para-asistir-a-los-actos-del-81-aniversario-de-la-liberacion-del-campo\/#primaryimage"},"thumbnailUrl":"https:\/\/amical-buchenwald.org\/wp-content\/uploads\/2026\/05\/34.jpeg","datePublished":"2026-05-02T17:45:09+00:00","dateModified":"2026-05-02T17:46:41+00:00","author":{"@id":"https:\/\/amical-buchenwald.org\/#\/schema\/person\/c9bab2aa9c8bb733e898235936fe9aa7"},"breadcrumb":{"@id":"https:\/\/amical-buchenwald.org\/es\/amical-de-buchenwald-ha-llevado-a-jovenes-de-todo-el-estado-a-buchenwald-y-weimar-este-abril-para-asistir-a-los-actos-del-81-aniversario-de-la-liberacion-del-campo\/#breadcrumb"},"inLanguage":"es","potentialAction":[{"@type":"ReadAction","target":["https:\/\/amical-buchenwald.org\/es\/amical-de-buchenwald-ha-llevado-a-jovenes-de-todo-el-estado-a-buchenwald-y-weimar-este-abril-para-asistir-a-los-actos-del-81-aniversario-de-la-liberacion-del-campo\/"]}]},{"@type":"ImageObject","inLanguage":"es","@id":"https:\/\/amical-buchenwald.org\/es\/amical-de-buchenwald-ha-llevado-a-jovenes-de-todo-el-estado-a-buchenwald-y-weimar-este-abril-para-asistir-a-los-actos-del-81-aniversario-de-la-liberacion-del-campo\/#primaryimage","url":"https:\/\/amical-buchenwald.org\/wp-content\/uploads\/2026\/05\/34.jpeg","contentUrl":"https:\/\/amical-buchenwald.org\/wp-content\/uploads\/2026\/05\/34.jpeg","width":1600,"height":1200},{"@type":"BreadcrumbList","@id":"https:\/\/amical-buchenwald.org\/es\/amical-de-buchenwald-ha-llevado-a-jovenes-de-todo-el-estado-a-buchenwald-y-weimar-este-abril-para-asistir-a-los-actos-del-81-aniversario-de-la-liberacion-del-campo\/#breadcrumb","itemListElement":[{"@type":"ListItem","position":1,"name":"Inici","item":"https:\/\/amical-buchenwald.org\/es\/"},{"@type":"ListItem","position":2,"name":"AMICAL DE BUCHENWALD HA LLEVADO A J\u00d3VENES DE TODO EL ESTADO A BUCHENWALD Y WEIMAR, ESTE ABRIL PARA ASISTIR A LOS ACTOS DEL 81 ANIVERSARIO DE LA LIBERACI\u00d3N DEL CAMPO"}]},{"@type":"WebSite","@id":"https:\/\/amical-buchenwald.org\/#website","url":"https:\/\/amical-buchenwald.org\/","name":"Amical de Buchenwald","description":"","potentialAction":[{"@type":"SearchAction","target":{"@type":"EntryPoint","urlTemplate":"https:\/\/amical-buchenwald.org\/?s={search_term_string}"},"query-input":{"@type":"PropertyValueSpecification","valueRequired":true,"valueName":"search_term_string"}}],"inLanguage":"es"},{"@type":"Person","@id":"https:\/\/amical-buchenwald.org\/#\/schema\/person\/c9bab2aa9c8bb733e898235936fe9aa7","name":"Administrador","image":{"@type":"ImageObject","inLanguage":"es","@id":"https:\/\/amical-buchenwald.org\/#\/schema\/person\/image\/","url":"https:\/\/secure.gravatar.com\/avatar\/62782f0fcb027dfe28798440b5f171b1?s=96&d=mm&r=g","contentUrl":"https:\/\/secure.gravatar.com\/avatar\/62782f0fcb027dfe28798440b5f171b1?s=96&d=mm&r=g","caption":"Administrador"},"url":"https:\/\/amical-buchenwald.org\/es\/author\/adm-buchenwald2025\/"}]}},"_links":{"self":[{"href":"https:\/\/amical-buchenwald.org\/es\/wp-json\/wp\/v2\/posts\/1920","targetHints":{"allow":["GET"]}}],"collection":[{"href":"https:\/\/amical-buchenwald.org\/es\/wp-json\/wp\/v2\/posts"}],"about":[{"href":"https:\/\/amical-buchenwald.org\/es\/wp-json\/wp\/v2\/types\/post"}],"author":[{"embeddable":true,"href":"https:\/\/amical-buchenwald.org\/es\/wp-json\/wp\/v2\/users\/7"}],"replies":[{"embeddable":true,"href":"https:\/\/amical-buchenwald.org\/es\/wp-json\/wp\/v2\/comments?post=1920"}],"version-history":[{"count":3,"href":"https:\/\/amical-buchenwald.org\/es\/wp-json\/wp\/v2\/posts\/1920\/revisions"}],"predecessor-version":[{"id":1923,"href":"https:\/\/amical-buchenwald.org\/es\/wp-json\/wp\/v2\/posts\/1920\/revisions\/1923"}],"wp:featuredmedia":[{"embeddable":true,"href":"https:\/\/amical-buchenwald.org\/es\/wp-json\/wp\/v2\/media\/1912"}],"wp:attachment":[{"href":"https:\/\/amical-buchenwald.org\/es\/wp-json\/wp\/v2\/media?parent=1920"}],"wp:term":[{"taxonomy":"category","embeddable":true,"href":"https:\/\/amical-buchenwald.org\/es\/wp-json\/wp\/v2\/categories?post=1920"},{"taxonomy":"post_tag","embeddable":true,"href":"https:\/\/amical-buchenwald.org\/es\/wp-json\/wp\/v2\/tags?post=1920"}],"curies":[{"name":"wp","href":"https:\/\/api.w.org\/{rel}","templated":true}]}}