{"id":1797,"date":"2026-01-07T17:24:28","date_gmt":"2026-01-07T17:24:28","guid":{"rendered":"https:\/\/amical-buchenwald.org\/?p=1797"},"modified":"2026-01-07T17:24:28","modified_gmt":"2026-01-07T17:24:28","slug":"cineforum-holocausto-y-deportacion-historia-memoria-y-cine","status":"publish","type":"post","link":"https:\/\/amical-buchenwald.org\/es\/cineforum-holocausto-y-deportacion-historia-memoria-y-cine\/","title":{"rendered":"Cinef\u00f3rum HOLOCAUSTO y DEPORTACI\u00d3N  HISTORIA, MEMORIA y CINE"},"content":{"rendered":"<p class=\"western\" lang=\"ca-ES\" align=\"center\">\n<p class=\"western\" lang=\"ca-ES\" align=\"center\"><span style=\"font-family: Arial, sans-serif;\"><span style=\"font-size: medium;\"><b>Taller formativo para el profesorado<\/b><\/span><\/span><\/p>\n<p class=\"western\" lang=\"ca-ES\">\n<p class=\"western\" lang=\"ca-ES\" align=\"justify\"><span style=\"font-family: Arial, sans-serif;\"><span style=\"font-size: medium;\"><span lang=\"es-ES-u-co-trad\">El grupo de trabajo de memoria democr\u00e1tica y la Amical de Buchenwald, con el apoyo del Centro del Profesorado Velez-Malaga, de la Consejer\u00eda de desarrollo educativo y formaci\u00f3n profesional de la Junta de Andaluc\u00eda, organizan un taller de formaci\u00f3n para el profesorado el pr\u00f3ximo viernes 9 de enero de 2026, en Rinc\u00f3n de la Victoria (M\u00e1laga).<\/span><\/span><\/span><\/p>\n<p class=\"western\" lang=\"ca-ES\" align=\"justify\"><span style=\"font-family: Arial, sans-serif;\"><span style=\"font-size: medium;\"><span lang=\"es-ES-u-co-trad\">El taller tendr\u00e1 lugar en el IES Ben al Jatib (Rinc\u00f3n de la Victoria) de 5 a 8 de la tarde y est\u00e1 abierto a todas las personas interesadas en asistir. <\/span><\/span><\/span><\/p>\n<p class=\"western\" lang=\"ca-ES\" align=\"justify\"><span style=\"font-family: Arial, sans-serif;\"><span style=\"font-size: medium;\"><span lang=\"es-ES-u-co-trad\">La formaci\u00f3n estar\u00e1 a cargo de Enric Garriga, presidente de la Amical de Buchenwald y vicepresidente por Espa\u00f1a del Comit\u00e9 Internacional de Buchenwald y Dora, campo donde fue deportado su padre.<\/span><\/span><\/span><\/p>\n<p class=\"western\" lang=\"ca-ES\" align=\"justify\"><span style=\"font-family: Arial, sans-serif;\"><span style=\"font-size: medium;\"><span lang=\"es-ES-u-co-trad\">Los principales objetivos de este taller formativo son:<\/span><\/span><\/span><\/p>\n<p class=\"western\" lang=\"ca-ES\" align=\"justify\"><span style=\"font-family: Arial, sans-serif;\"><span style=\"font-size: medium;\"><span lang=\"es-ES-u-co-trad\">Formar al profesorado de secundaria y darle herramientas did\u00e1cticas para desarrollar en el aula una visi\u00f3n de lo que fue el Holocausto y la deportaci\u00f3n a los campos nazis, y su vinculaci\u00f3n con la actualidad.<\/span><\/span><\/span><\/p>\n<p class=\"western\" lang=\"ca-ES\" align=\"justify\"><span style=\"font-family: Arial, sans-serif;\"><span style=\"font-size: medium;\"><span lang=\"es-ES-u-co-trad\">Y explicar por qu\u00e9 y c\u00f3mo el Nazismo, uno de los per\u00edodos m\u00e1s oscuros de la historia de la humanidad, hizo posible el mayor genocidio de la Historia de la Humanidad. Y hacerlo a trav\u00e9s del recurso en el cine.<\/span><\/span><\/span><\/p>\n<p class=\"western\" lang=\"ca-ES\" align=\"justify\"><span style=\"font-family: Arial, sans-serif;\"><span style=\"font-size: medium;\"><span lang=\"es-ES-u-co-trad\">La inscripci\u00f3n es gratuita y se puede realizar a trav\u00e9s del correo <\/span><\/span><\/span><span style=\"color: #0563c1;\"><u><a href=\"mailto:vhering932@g.educaand.es\"><span style=\"font-family: Arial, sans-serif;\"><span style=\"font-size: medium;\"><span lang=\"es-ES-u-co-trad\">vhering932@g.educaand.es<\/span><\/span><\/span><\/a><\/u><\/span><\/p>\n","protected":false},"excerpt":{"rendered":"<p>Taller formativo para el profesorado El grupo de trabajo de memoria democr\u00e1tica y la Amical de Buchenwald, con el apoyo del Centro del Profesorado Velez-Malaga, de la Consejer\u00eda de desarrollo educativo y formaci\u00f3n profesional de la Junta de Andaluc\u00eda, organizan un taller de formaci\u00f3n para el profesorado el pr\u00f3ximo viernes 9 de enero de 2026, [&hellip;]<\/p>\n","protected":false},"author":7,"featured_media":1792,"comment_status":"open","ping_status":"open","sticky":false,"template":"","format":"standard","meta":{"_acf_changed":false,"footnotes":""},"categories":[11],"tags":[],"class_list":["post-1797","post","type-post","status-publish","format-standard","has-post-thumbnail","hentry","category-noticias"],"acf":[],"yoast_head":"<!-- This site is optimized with the Yoast SEO plugin v26.6 - https:\/\/yoast.com\/wordpress\/plugins\/seo\/ -->\n<title>Cinef\u00f3rum HOLOCAUSTO y DEPORTACI\u00d3N HISTORIA, MEMORIA y CINE - Amical de Buchenwald<\/title>\n<meta name=\"robots\" content=\"index, follow, max-snippet:-1, max-image-preview:large, max-video-preview:-1\" \/>\n<link rel=\"canonical\" href=\"https:\/\/amical-buchenwald.org\/es\/cineforum-holocausto-y-deportacion-historia-memoria-y-cine\/\" \/>\n<meta property=\"og:locale\" content=\"es_ES\" \/>\n<meta property=\"og:type\" content=\"article\" \/>\n<meta property=\"og:title\" content=\"Cinef\u00f3rum HOLOCAUSTO y DEPORTACI\u00d3N HISTORIA, MEMORIA y CINE - Amical de Buchenwald\" \/>\n<meta property=\"og:description\" content=\"Taller formativo para el profesorado El grupo de trabajo de memoria democr\u00e1tica y la Amical de Buchenwald, con el apoyo del Centro del Profesorado Velez-Malaga, de la Consejer\u00eda de desarrollo educativo y formaci\u00f3n profesional de la Junta de Andaluc\u00eda, organizan un taller de formaci\u00f3n para el profesorado el pr\u00f3ximo viernes 9 de enero de 2026, [&hellip;]\" \/>\n<meta property=\"og:url\" content=\"https:\/\/amical-buchenwald.org\/es\/cineforum-holocausto-y-deportacion-historia-memoria-y-cine\/\" \/>\n<meta property=\"og:site_name\" content=\"Amical de Buchenwald\" \/>\n<meta property=\"article:published_time\" content=\"2026-01-07T17:24:28+00:00\" \/>\n<meta property=\"og:image\" content=\"http:\/\/amical-buchenwald.org\/wp-content\/uploads\/2026\/01\/cartell-Malaga_v5-e1767806649173.jpg\" \/>\n\t<meta property=\"og:image:width\" content=\"700\" \/>\n\t<meta property=\"og:image:height\" content=\"1050\" \/>\n\t<meta property=\"og:image:type\" content=\"image\/jpeg\" \/>\n<meta name=\"author\" content=\"Administrador\" \/>\n<meta name=\"twitter:card\" content=\"summary_large_image\" \/>\n<meta name=\"twitter:label1\" content=\"Escrito por\" \/>\n\t<meta name=\"twitter:data1\" content=\"Administrador\" \/>\n\t<meta name=\"twitter:label2\" content=\"Tiempo de lectura\" \/>\n\t<meta name=\"twitter:data2\" content=\"2 minutos\" \/>\n<script type=\"application\/ld+json\" class=\"yoast-schema-graph\">{\"@context\":\"https:\/\/schema.org\",\"@graph\":[{\"@type\":\"WebPage\",\"@id\":\"https:\/\/amical-buchenwald.org\/es\/cineforum-holocausto-y-deportacion-historia-memoria-y-cine\/\",\"url\":\"https:\/\/amical-buchenwald.org\/es\/cineforum-holocausto-y-deportacion-historia-memoria-y-cine\/\",\"name\":\"Cinef\u00f3rum HOLOCAUSTO y DEPORTACI\u00d3N HISTORIA, MEMORIA y CINE - Amical de Buchenwald\",\"isPartOf\":{\"@id\":\"https:\/\/amical-buchenwald.org\/#website\"},\"primaryImageOfPage\":{\"@id\":\"https:\/\/amical-buchenwald.org\/es\/cineforum-holocausto-y-deportacion-historia-memoria-y-cine\/#primaryimage\"},\"image\":{\"@id\":\"https:\/\/amical-buchenwald.org\/es\/cineforum-holocausto-y-deportacion-historia-memoria-y-cine\/#primaryimage\"},\"thumbnailUrl\":\"https:\/\/amical-buchenwald.org\/wp-content\/uploads\/2026\/01\/cartell-Malaga_v5-e1767806649173.jpg\",\"datePublished\":\"2026-01-07T17:24:28+00:00\",\"author\":{\"@id\":\"https:\/\/amical-buchenwald.org\/#\/schema\/person\/c9bab2aa9c8bb733e898235936fe9aa7\"},\"breadcrumb\":{\"@id\":\"https:\/\/amical-buchenwald.org\/es\/cineforum-holocausto-y-deportacion-historia-memoria-y-cine\/#breadcrumb\"},\"inLanguage\":\"es\",\"potentialAction\":[{\"@type\":\"ReadAction\",\"target\":[\"https:\/\/amical-buchenwald.org\/es\/cineforum-holocausto-y-deportacion-historia-memoria-y-cine\/\"]}]},{\"@type\":\"ImageObject\",\"inLanguage\":\"es\",\"@id\":\"https:\/\/amical-buchenwald.org\/es\/cineforum-holocausto-y-deportacion-historia-memoria-y-cine\/#primaryimage\",\"url\":\"https:\/\/amical-buchenwald.org\/wp-content\/uploads\/2026\/01\/cartell-Malaga_v5-e1767806649173.jpg\",\"contentUrl\":\"https:\/\/amical-buchenwald.org\/wp-content\/uploads\/2026\/01\/cartell-Malaga_v5-e1767806649173.jpg\",\"width\":700,\"height\":1050},{\"@type\":\"BreadcrumbList\",\"@id\":\"https:\/\/amical-buchenwald.org\/es\/cineforum-holocausto-y-deportacion-historia-memoria-y-cine\/#breadcrumb\",\"itemListElement\":[{\"@type\":\"ListItem\",\"position\":1,\"name\":\"Inici\",\"item\":\"https:\/\/amical-buchenwald.org\/es\/\"},{\"@type\":\"ListItem\",\"position\":2,\"name\":\"Cinef\u00f3rum HOLOCAUSTO y DEPORTACI\u00d3N HISTORIA, MEMORIA y CINE\"}]},{\"@type\":\"WebSite\",\"@id\":\"https:\/\/amical-buchenwald.org\/#website\",\"url\":\"https:\/\/amical-buchenwald.org\/\",\"name\":\"Amical de Buchenwald\",\"description\":\"\",\"potentialAction\":[{\"@type\":\"SearchAction\",\"target\":{\"@type\":\"EntryPoint\",\"urlTemplate\":\"https:\/\/amical-buchenwald.org\/?s={search_term_string}\"},\"query-input\":{\"@type\":\"PropertyValueSpecification\",\"valueRequired\":true,\"valueName\":\"search_term_string\"}}],\"inLanguage\":\"es\"},{\"@type\":\"Person\",\"@id\":\"https:\/\/amical-buchenwald.org\/#\/schema\/person\/c9bab2aa9c8bb733e898235936fe9aa7\",\"name\":\"Administrador\",\"image\":{\"@type\":\"ImageObject\",\"inLanguage\":\"es\",\"@id\":\"https:\/\/amical-buchenwald.org\/#\/schema\/person\/image\/\",\"url\":\"https:\/\/secure.gravatar.com\/avatar\/62782f0fcb027dfe28798440b5f171b1?s=96&d=mm&r=g\",\"contentUrl\":\"https:\/\/secure.gravatar.com\/avatar\/62782f0fcb027dfe28798440b5f171b1?s=96&d=mm&r=g\",\"caption\":\"Administrador\"},\"url\":\"https:\/\/amical-buchenwald.org\/es\/author\/adm-buchenwald2025\/\"}]}<\/script>\n<!-- \/ Yoast SEO plugin. -->","yoast_head_json":{"title":"Cinef\u00f3rum HOLOCAUSTO y DEPORTACI\u00d3N HISTORIA, MEMORIA y CINE - Amical de Buchenwald","robots":{"index":"index","follow":"follow","max-snippet":"max-snippet:-1","max-image-preview":"max-image-preview:large","max-video-preview":"max-video-preview:-1"},"canonical":"https:\/\/amical-buchenwald.org\/es\/cineforum-holocausto-y-deportacion-historia-memoria-y-cine\/","og_locale":"es_ES","og_type":"article","og_title":"Cinef\u00f3rum HOLOCAUSTO y DEPORTACI\u00d3N HISTORIA, MEMORIA y CINE - Amical de Buchenwald","og_description":"Taller formativo para el profesorado El grupo de trabajo de memoria democr\u00e1tica y la Amical de Buchenwald, con el apoyo del Centro del Profesorado Velez-Malaga, de la Consejer\u00eda de desarrollo educativo y formaci\u00f3n profesional de la Junta de Andaluc\u00eda, organizan un taller de formaci\u00f3n para el profesorado el pr\u00f3ximo viernes 9 de enero de 2026, [&hellip;]","og_url":"https:\/\/amical-buchenwald.org\/es\/cineforum-holocausto-y-deportacion-historia-memoria-y-cine\/","og_site_name":"Amical de Buchenwald","article_published_time":"2026-01-07T17:24:28+00:00","og_image":[{"width":700,"height":1050,"url":"http:\/\/amical-buchenwald.org\/wp-content\/uploads\/2026\/01\/cartell-Malaga_v5-e1767806649173.jpg","type":"image\/jpeg"}],"author":"Administrador","twitter_card":"summary_large_image","twitter_misc":{"Escrito por":"Administrador","Tiempo de lectura":"2 minutos"},"schema":{"@context":"https:\/\/schema.org","@graph":[{"@type":"WebPage","@id":"https:\/\/amical-buchenwald.org\/es\/cineforum-holocausto-y-deportacion-historia-memoria-y-cine\/","url":"https:\/\/amical-buchenwald.org\/es\/cineforum-holocausto-y-deportacion-historia-memoria-y-cine\/","name":"Cinef\u00f3rum HOLOCAUSTO y DEPORTACI\u00d3N HISTORIA, MEMORIA y CINE - Amical de Buchenwald","isPartOf":{"@id":"https:\/\/amical-buchenwald.org\/#website"},"primaryImageOfPage":{"@id":"https:\/\/amical-buchenwald.org\/es\/cineforum-holocausto-y-deportacion-historia-memoria-y-cine\/#primaryimage"},"image":{"@id":"https:\/\/amical-buchenwald.org\/es\/cineforum-holocausto-y-deportacion-historia-memoria-y-cine\/#primaryimage"},"thumbnailUrl":"https:\/\/amical-buchenwald.org\/wp-content\/uploads\/2026\/01\/cartell-Malaga_v5-e1767806649173.jpg","datePublished":"2026-01-07T17:24:28+00:00","author":{"@id":"https:\/\/amical-buchenwald.org\/#\/schema\/person\/c9bab2aa9c8bb733e898235936fe9aa7"},"breadcrumb":{"@id":"https:\/\/amical-buchenwald.org\/es\/cineforum-holocausto-y-deportacion-historia-memoria-y-cine\/#breadcrumb"},"inLanguage":"es","potentialAction":[{"@type":"ReadAction","target":["https:\/\/amical-buchenwald.org\/es\/cineforum-holocausto-y-deportacion-historia-memoria-y-cine\/"]}]},{"@type":"ImageObject","inLanguage":"es","@id":"https:\/\/amical-buchenwald.org\/es\/cineforum-holocausto-y-deportacion-historia-memoria-y-cine\/#primaryimage","url":"https:\/\/amical-buchenwald.org\/wp-content\/uploads\/2026\/01\/cartell-Malaga_v5-e1767806649173.jpg","contentUrl":"https:\/\/amical-buchenwald.org\/wp-content\/uploads\/2026\/01\/cartell-Malaga_v5-e1767806649173.jpg","width":700,"height":1050},{"@type":"BreadcrumbList","@id":"https:\/\/amical-buchenwald.org\/es\/cineforum-holocausto-y-deportacion-historia-memoria-y-cine\/#breadcrumb","itemListElement":[{"@type":"ListItem","position":1,"name":"Inici","item":"https:\/\/amical-buchenwald.org\/es\/"},{"@type":"ListItem","position":2,"name":"Cinef\u00f3rum HOLOCAUSTO y DEPORTACI\u00d3N HISTORIA, MEMORIA y CINE"}]},{"@type":"WebSite","@id":"https:\/\/amical-buchenwald.org\/#website","url":"https:\/\/amical-buchenwald.org\/","name":"Amical de Buchenwald","description":"","potentialAction":[{"@type":"SearchAction","target":{"@type":"EntryPoint","urlTemplate":"https:\/\/amical-buchenwald.org\/?s={search_term_string}"},"query-input":{"@type":"PropertyValueSpecification","valueRequired":true,"valueName":"search_term_string"}}],"inLanguage":"es"},{"@type":"Person","@id":"https:\/\/amical-buchenwald.org\/#\/schema\/person\/c9bab2aa9c8bb733e898235936fe9aa7","name":"Administrador","image":{"@type":"ImageObject","inLanguage":"es","@id":"https:\/\/amical-buchenwald.org\/#\/schema\/person\/image\/","url":"https:\/\/secure.gravatar.com\/avatar\/62782f0fcb027dfe28798440b5f171b1?s=96&d=mm&r=g","contentUrl":"https:\/\/secure.gravatar.com\/avatar\/62782f0fcb027dfe28798440b5f171b1?s=96&d=mm&r=g","caption":"Administrador"},"url":"https:\/\/amical-buchenwald.org\/es\/author\/adm-buchenwald2025\/"}]}},"_links":{"self":[{"href":"https:\/\/amical-buchenwald.org\/es\/wp-json\/wp\/v2\/posts\/1797","targetHints":{"allow":["GET"]}}],"collection":[{"href":"https:\/\/amical-buchenwald.org\/es\/wp-json\/wp\/v2\/posts"}],"about":[{"href":"https:\/\/amical-buchenwald.org\/es\/wp-json\/wp\/v2\/types\/post"}],"author":[{"embeddable":true,"href":"https:\/\/amical-buchenwald.org\/es\/wp-json\/wp\/v2\/users\/7"}],"replies":[{"embeddable":true,"href":"https:\/\/amical-buchenwald.org\/es\/wp-json\/wp\/v2\/comments?post=1797"}],"version-history":[{"count":1,"href":"https:\/\/amical-buchenwald.org\/es\/wp-json\/wp\/v2\/posts\/1797\/revisions"}],"predecessor-version":[{"id":1798,"href":"https:\/\/amical-buchenwald.org\/es\/wp-json\/wp\/v2\/posts\/1797\/revisions\/1798"}],"wp:featuredmedia":[{"embeddable":true,"href":"https:\/\/amical-buchenwald.org\/es\/wp-json\/wp\/v2\/media\/1792"}],"wp:attachment":[{"href":"https:\/\/amical-buchenwald.org\/es\/wp-json\/wp\/v2\/media?parent=1797"}],"wp:term":[{"taxonomy":"category","embeddable":true,"href":"https:\/\/amical-buchenwald.org\/es\/wp-json\/wp\/v2\/categories?post=1797"},{"taxonomy":"post_tag","embeddable":true,"href":"https:\/\/amical-buchenwald.org\/es\/wp-json\/wp\/v2\/tags?post=1797"}],"curies":[{"name":"wp","href":"https:\/\/api.w.org\/{rel}","templated":true}]}}