{"id":1754,"date":"2025-10-20T14:39:09","date_gmt":"2025-10-20T14:39:09","guid":{"rendered":"https:\/\/amical-buchenwald.org\/?p=1754"},"modified":"2025-10-20T14:39:09","modified_gmt":"2025-10-20T14:39:09","slug":"amical-de-buchenwald-establece-nuevas-delegaciones-territoriales-en-varias-comunidades-del-estado-espanol","status":"publish","type":"post","link":"https:\/\/amical-buchenwald.org\/es\/amical-de-buchenwald-establece-nuevas-delegaciones-territoriales-en-varias-comunidades-del-estado-espanol\/","title":{"rendered":"AMICAL DE BUCHENWALD ESTABLECE NUEVAS DELEGACIONES TERRITORIALES EN VARIAS COMUNIDADES DEL ESTADO ESPA\u00d1OL"},"content":{"rendered":"<p align=\"center\"><span style=\"font-family: Arial, sans-serif;\"><span style=\"font-size: large;\"><span lang=\"ca-ES\"><b>AMICAL DE BUCHENWALD ESTABLECE NUEVAS <\/b><\/span><\/span><\/span><span style=\"font-family: Arial, sans-serif;\"><span style=\"font-size: large;\"><span lang=\"es-ES-u-co-trad\"><b>DELEGACIONES TERRITORIALES EN VARIAS COMUNIDADES DEL ESTADO ESPA\u00d1OL <\/b><\/span><\/span><\/span><\/p>\n<p align=\"center\"><span style=\"font-family: Arial, sans-serif;\"><span style=\"font-size: large;\"><span lang=\"es-ES-u-co-trad\"><b>Siguiendo la propuesta de mayor implantaci\u00f3n territorial y de abordar un \u00e1mbito de trabajo memorialista m\u00e1s amplio Amical de Buchenwald abre delegaciones en Andaluc\u00eda y Castilla la Mancha.<\/b><\/span><\/span><\/span><\/p>\n<p lang=\"es-ES-u-co-trad\" align=\"center\">\n<p align=\"justify\"><span style=\"font-family: Arial, sans-serif;\"><span style=\"font-size: medium;\"><span lang=\"es-ES-u-co-trad\">Con la finalidad de trabajar m\u00e1s ampliamente la memoria de la deportaci\u00f3n republicana, a partir del emblem\u00e1tica campo de Buchenwald, para promover la visi\u00f3n internacionalista y europe\u00edsta que defend\u00eda Jorge Sempr\u00fan, y sobre todo para actualizar la lucha a favor de la democracia, los Derechos Humanos, las libertades y la paz, y luchar contra el fascismo , como muy bien establece el Juramento de Buchenwald , la Amical de Buchenwald ha nombrado a Pepe Sedano, V\u00edctor Manuel Hern\u00e1ndez y Francisco Lima, delegados en Andaluc\u00eda; i a Paloma Nieves Garc\u00eda, delegada en Castilla la Mancha.<\/span><\/span><\/span><\/p>\n<p align=\"justify\"><span style=\"font-family: Arial, sans-serif;\"><span style=\"font-size: medium;\"><span lang=\"es-ES-u-co-trad\">Seguimos los contactos con miembros de la Amical para establecer nuevas delegaciones en Madrid, Euskadi, Arag\u00f3n y Murcia.<\/span><\/span><\/span><\/p>\n<p align=\"justify\"><span style=\"font-family: Arial, sans-serif;\"><span style=\"font-size: medium;\"><span lang=\"es-ES-u-co-trad\">Estas delegaciones se unen a las ya existentes en el Pa\u00eds Valenci\u00e0 con Vicent Gimeno, y a la de Alemania con<\/span><\/span><\/span><span style=\"font-family: Arial, sans-serif;\"><span style=\"font-size: medium;\"><span lang=\"ca-ES\"> Stefan Loibl.<\/span><\/span><\/span><\/p>\n","protected":false},"excerpt":{"rendered":"<p>AMICAL DE BUCHENWALD ESTABLECE NUEVAS DELEGACIONES TERRITORIALES EN VARIAS COMUNIDADES DEL ESTADO ESPA\u00d1OL Siguiendo la propuesta de mayor implantaci\u00f3n territorial y de abordar un \u00e1mbito de trabajo memorialista m\u00e1s amplio Amical de Buchenwald abre delegaciones en Andaluc\u00eda y Castilla la Mancha. Con la finalidad de trabajar m\u00e1s ampliamente la memoria de la deportaci\u00f3n republicana, a [&hellip;]<\/p>\n","protected":false},"author":7,"featured_media":1747,"comment_status":"open","ping_status":"open","sticky":false,"template":"","format":"standard","meta":{"_acf_changed":false,"footnotes":""},"categories":[11],"tags":[],"class_list":["post-1754","post","type-post","status-publish","format-standard","has-post-thumbnail","hentry","category-noticias"],"acf":[],"yoast_head":"<!-- This site is optimized with the Yoast SEO plugin v26.6 - https:\/\/yoast.com\/wordpress\/plugins\/seo\/ -->\n<title>AMICAL DE BUCHENWALD ESTABLECE NUEVAS DELEGACIONES TERRITORIALES EN VARIAS COMUNIDADES DEL ESTADO ESPA\u00d1OL - Amical de Buchenwald<\/title>\n<meta name=\"robots\" content=\"index, follow, max-snippet:-1, max-image-preview:large, max-video-preview:-1\" \/>\n<link rel=\"canonical\" href=\"https:\/\/amical-buchenwald.org\/es\/amical-de-buchenwald-establece-nuevas-delegaciones-territoriales-en-varias-comunidades-del-estado-espanol\/\" \/>\n<meta property=\"og:locale\" content=\"es_ES\" \/>\n<meta property=\"og:type\" content=\"article\" \/>\n<meta property=\"og:title\" content=\"AMICAL DE BUCHENWALD ESTABLECE NUEVAS DELEGACIONES TERRITORIALES EN VARIAS COMUNIDADES DEL ESTADO ESPA\u00d1OL - Amical de Buchenwald\" \/>\n<meta property=\"og:description\" content=\"AMICAL DE BUCHENWALD ESTABLECE NUEVAS DELEGACIONES TERRITORIALES EN VARIAS COMUNIDADES DEL ESTADO ESPA\u00d1OL Siguiendo la propuesta de mayor implantaci\u00f3n territorial y de abordar un \u00e1mbito de trabajo memorialista m\u00e1s amplio Amical de Buchenwald abre delegaciones en Andaluc\u00eda y Castilla la Mancha. Con la finalidad de trabajar m\u00e1s ampliamente la memoria de la deportaci\u00f3n republicana, a [&hellip;]\" \/>\n<meta property=\"og:url\" content=\"https:\/\/amical-buchenwald.org\/es\/amical-de-buchenwald-establece-nuevas-delegaciones-territoriales-en-varias-comunidades-del-estado-espanol\/\" \/>\n<meta property=\"og:site_name\" content=\"Amical de Buchenwald\" \/>\n<meta property=\"article:published_time\" content=\"2025-10-20T14:39:09+00:00\" \/>\n<meta property=\"og:image\" content=\"http:\/\/amical-buchenwald.org\/wp-content\/uploads\/2025\/10\/TV_peq.jpg\" \/>\n\t<meta property=\"og:image:width\" content=\"1168\" \/>\n\t<meta property=\"og:image:height\" content=\"876\" \/>\n\t<meta property=\"og:image:type\" content=\"image\/jpeg\" \/>\n<meta name=\"author\" content=\"Administrador\" \/>\n<meta name=\"twitter:card\" content=\"summary_large_image\" \/>\n<meta name=\"twitter:label1\" content=\"Escrito por\" \/>\n\t<meta name=\"twitter:data1\" content=\"Administrador\" \/>\n\t<meta name=\"twitter:label2\" content=\"Tiempo de lectura\" \/>\n\t<meta name=\"twitter:data2\" content=\"2 minutos\" \/>\n<script type=\"application\/ld+json\" class=\"yoast-schema-graph\">{\"@context\":\"https:\/\/schema.org\",\"@graph\":[{\"@type\":\"WebPage\",\"@id\":\"https:\/\/amical-buchenwald.org\/es\/amical-de-buchenwald-establece-nuevas-delegaciones-territoriales-en-varias-comunidades-del-estado-espanol\/\",\"url\":\"https:\/\/amical-buchenwald.org\/es\/amical-de-buchenwald-establece-nuevas-delegaciones-territoriales-en-varias-comunidades-del-estado-espanol\/\",\"name\":\"AMICAL DE BUCHENWALD ESTABLECE NUEVAS DELEGACIONES TERRITORIALES EN VARIAS COMUNIDADES DEL ESTADO ESPA\u00d1OL - Amical de Buchenwald\",\"isPartOf\":{\"@id\":\"https:\/\/amical-buchenwald.org\/#website\"},\"primaryImageOfPage\":{\"@id\":\"https:\/\/amical-buchenwald.org\/es\/amical-de-buchenwald-establece-nuevas-delegaciones-territoriales-en-varias-comunidades-del-estado-espanol\/#primaryimage\"},\"image\":{\"@id\":\"https:\/\/amical-buchenwald.org\/es\/amical-de-buchenwald-establece-nuevas-delegaciones-territoriales-en-varias-comunidades-del-estado-espanol\/#primaryimage\"},\"thumbnailUrl\":\"https:\/\/amical-buchenwald.org\/wp-content\/uploads\/2025\/10\/TV_peq.jpg\",\"datePublished\":\"2025-10-20T14:39:09+00:00\",\"author\":{\"@id\":\"https:\/\/amical-buchenwald.org\/#\/schema\/person\/c9bab2aa9c8bb733e898235936fe9aa7\"},\"breadcrumb\":{\"@id\":\"https:\/\/amical-buchenwald.org\/es\/amical-de-buchenwald-establece-nuevas-delegaciones-territoriales-en-varias-comunidades-del-estado-espanol\/#breadcrumb\"},\"inLanguage\":\"es\",\"potentialAction\":[{\"@type\":\"ReadAction\",\"target\":[\"https:\/\/amical-buchenwald.org\/es\/amical-de-buchenwald-establece-nuevas-delegaciones-territoriales-en-varias-comunidades-del-estado-espanol\/\"]}]},{\"@type\":\"ImageObject\",\"inLanguage\":\"es\",\"@id\":\"https:\/\/amical-buchenwald.org\/es\/amical-de-buchenwald-establece-nuevas-delegaciones-territoriales-en-varias-comunidades-del-estado-espanol\/#primaryimage\",\"url\":\"https:\/\/amical-buchenwald.org\/wp-content\/uploads\/2025\/10\/TV_peq.jpg\",\"contentUrl\":\"https:\/\/amical-buchenwald.org\/wp-content\/uploads\/2025\/10\/TV_peq.jpg\",\"width\":1168,\"height\":876},{\"@type\":\"BreadcrumbList\",\"@id\":\"https:\/\/amical-buchenwald.org\/es\/amical-de-buchenwald-establece-nuevas-delegaciones-territoriales-en-varias-comunidades-del-estado-espanol\/#breadcrumb\",\"itemListElement\":[{\"@type\":\"ListItem\",\"position\":1,\"name\":\"Inici\",\"item\":\"https:\/\/amical-buchenwald.org\/es\/\"},{\"@type\":\"ListItem\",\"position\":2,\"name\":\"AMICAL DE BUCHENWALD ESTABLECE NUEVAS DELEGACIONES TERRITORIALES EN VARIAS COMUNIDADES DEL ESTADO ESPA\u00d1OL\"}]},{\"@type\":\"WebSite\",\"@id\":\"https:\/\/amical-buchenwald.org\/#website\",\"url\":\"https:\/\/amical-buchenwald.org\/\",\"name\":\"Amical de Buchenwald\",\"description\":\"\",\"potentialAction\":[{\"@type\":\"SearchAction\",\"target\":{\"@type\":\"EntryPoint\",\"urlTemplate\":\"https:\/\/amical-buchenwald.org\/?s={search_term_string}\"},\"query-input\":{\"@type\":\"PropertyValueSpecification\",\"valueRequired\":true,\"valueName\":\"search_term_string\"}}],\"inLanguage\":\"es\"},{\"@type\":\"Person\",\"@id\":\"https:\/\/amical-buchenwald.org\/#\/schema\/person\/c9bab2aa9c8bb733e898235936fe9aa7\",\"name\":\"Administrador\",\"image\":{\"@type\":\"ImageObject\",\"inLanguage\":\"es\",\"@id\":\"https:\/\/amical-buchenwald.org\/#\/schema\/person\/image\/\",\"url\":\"https:\/\/secure.gravatar.com\/avatar\/62782f0fcb027dfe28798440b5f171b1?s=96&d=mm&r=g\",\"contentUrl\":\"https:\/\/secure.gravatar.com\/avatar\/62782f0fcb027dfe28798440b5f171b1?s=96&d=mm&r=g\",\"caption\":\"Administrador\"},\"url\":\"https:\/\/amical-buchenwald.org\/es\/author\/adm-buchenwald2025\/\"}]}<\/script>\n<!-- \/ Yoast SEO plugin. -->","yoast_head_json":{"title":"AMICAL DE BUCHENWALD ESTABLECE NUEVAS DELEGACIONES TERRITORIALES EN VARIAS COMUNIDADES DEL ESTADO ESPA\u00d1OL - Amical de Buchenwald","robots":{"index":"index","follow":"follow","max-snippet":"max-snippet:-1","max-image-preview":"max-image-preview:large","max-video-preview":"max-video-preview:-1"},"canonical":"https:\/\/amical-buchenwald.org\/es\/amical-de-buchenwald-establece-nuevas-delegaciones-territoriales-en-varias-comunidades-del-estado-espanol\/","og_locale":"es_ES","og_type":"article","og_title":"AMICAL DE BUCHENWALD ESTABLECE NUEVAS DELEGACIONES TERRITORIALES EN VARIAS COMUNIDADES DEL ESTADO ESPA\u00d1OL - Amical de Buchenwald","og_description":"AMICAL DE BUCHENWALD ESTABLECE NUEVAS DELEGACIONES TERRITORIALES EN VARIAS COMUNIDADES DEL ESTADO ESPA\u00d1OL Siguiendo la propuesta de mayor implantaci\u00f3n territorial y de abordar un \u00e1mbito de trabajo memorialista m\u00e1s amplio Amical de Buchenwald abre delegaciones en Andaluc\u00eda y Castilla la Mancha. Con la finalidad de trabajar m\u00e1s ampliamente la memoria de la deportaci\u00f3n republicana, a [&hellip;]","og_url":"https:\/\/amical-buchenwald.org\/es\/amical-de-buchenwald-establece-nuevas-delegaciones-territoriales-en-varias-comunidades-del-estado-espanol\/","og_site_name":"Amical de Buchenwald","article_published_time":"2025-10-20T14:39:09+00:00","og_image":[{"width":1168,"height":876,"url":"http:\/\/amical-buchenwald.org\/wp-content\/uploads\/2025\/10\/TV_peq.jpg","type":"image\/jpeg"}],"author":"Administrador","twitter_card":"summary_large_image","twitter_misc":{"Escrito por":"Administrador","Tiempo de lectura":"2 minutos"},"schema":{"@context":"https:\/\/schema.org","@graph":[{"@type":"WebPage","@id":"https:\/\/amical-buchenwald.org\/es\/amical-de-buchenwald-establece-nuevas-delegaciones-territoriales-en-varias-comunidades-del-estado-espanol\/","url":"https:\/\/amical-buchenwald.org\/es\/amical-de-buchenwald-establece-nuevas-delegaciones-territoriales-en-varias-comunidades-del-estado-espanol\/","name":"AMICAL DE BUCHENWALD ESTABLECE NUEVAS DELEGACIONES TERRITORIALES EN VARIAS COMUNIDADES DEL ESTADO ESPA\u00d1OL - Amical de Buchenwald","isPartOf":{"@id":"https:\/\/amical-buchenwald.org\/#website"},"primaryImageOfPage":{"@id":"https:\/\/amical-buchenwald.org\/es\/amical-de-buchenwald-establece-nuevas-delegaciones-territoriales-en-varias-comunidades-del-estado-espanol\/#primaryimage"},"image":{"@id":"https:\/\/amical-buchenwald.org\/es\/amical-de-buchenwald-establece-nuevas-delegaciones-territoriales-en-varias-comunidades-del-estado-espanol\/#primaryimage"},"thumbnailUrl":"https:\/\/amical-buchenwald.org\/wp-content\/uploads\/2025\/10\/TV_peq.jpg","datePublished":"2025-10-20T14:39:09+00:00","author":{"@id":"https:\/\/amical-buchenwald.org\/#\/schema\/person\/c9bab2aa9c8bb733e898235936fe9aa7"},"breadcrumb":{"@id":"https:\/\/amical-buchenwald.org\/es\/amical-de-buchenwald-establece-nuevas-delegaciones-territoriales-en-varias-comunidades-del-estado-espanol\/#breadcrumb"},"inLanguage":"es","potentialAction":[{"@type":"ReadAction","target":["https:\/\/amical-buchenwald.org\/es\/amical-de-buchenwald-establece-nuevas-delegaciones-territoriales-en-varias-comunidades-del-estado-espanol\/"]}]},{"@type":"ImageObject","inLanguage":"es","@id":"https:\/\/amical-buchenwald.org\/es\/amical-de-buchenwald-establece-nuevas-delegaciones-territoriales-en-varias-comunidades-del-estado-espanol\/#primaryimage","url":"https:\/\/amical-buchenwald.org\/wp-content\/uploads\/2025\/10\/TV_peq.jpg","contentUrl":"https:\/\/amical-buchenwald.org\/wp-content\/uploads\/2025\/10\/TV_peq.jpg","width":1168,"height":876},{"@type":"BreadcrumbList","@id":"https:\/\/amical-buchenwald.org\/es\/amical-de-buchenwald-establece-nuevas-delegaciones-territoriales-en-varias-comunidades-del-estado-espanol\/#breadcrumb","itemListElement":[{"@type":"ListItem","position":1,"name":"Inici","item":"https:\/\/amical-buchenwald.org\/es\/"},{"@type":"ListItem","position":2,"name":"AMICAL DE BUCHENWALD ESTABLECE NUEVAS DELEGACIONES TERRITORIALES EN VARIAS COMUNIDADES DEL ESTADO ESPA\u00d1OL"}]},{"@type":"WebSite","@id":"https:\/\/amical-buchenwald.org\/#website","url":"https:\/\/amical-buchenwald.org\/","name":"Amical de Buchenwald","description":"","potentialAction":[{"@type":"SearchAction","target":{"@type":"EntryPoint","urlTemplate":"https:\/\/amical-buchenwald.org\/?s={search_term_string}"},"query-input":{"@type":"PropertyValueSpecification","valueRequired":true,"valueName":"search_term_string"}}],"inLanguage":"es"},{"@type":"Person","@id":"https:\/\/amical-buchenwald.org\/#\/schema\/person\/c9bab2aa9c8bb733e898235936fe9aa7","name":"Administrador","image":{"@type":"ImageObject","inLanguage":"es","@id":"https:\/\/amical-buchenwald.org\/#\/schema\/person\/image\/","url":"https:\/\/secure.gravatar.com\/avatar\/62782f0fcb027dfe28798440b5f171b1?s=96&d=mm&r=g","contentUrl":"https:\/\/secure.gravatar.com\/avatar\/62782f0fcb027dfe28798440b5f171b1?s=96&d=mm&r=g","caption":"Administrador"},"url":"https:\/\/amical-buchenwald.org\/es\/author\/adm-buchenwald2025\/"}]}},"_links":{"self":[{"href":"https:\/\/amical-buchenwald.org\/es\/wp-json\/wp\/v2\/posts\/1754","targetHints":{"allow":["GET"]}}],"collection":[{"href":"https:\/\/amical-buchenwald.org\/es\/wp-json\/wp\/v2\/posts"}],"about":[{"href":"https:\/\/amical-buchenwald.org\/es\/wp-json\/wp\/v2\/types\/post"}],"author":[{"embeddable":true,"href":"https:\/\/amical-buchenwald.org\/es\/wp-json\/wp\/v2\/users\/7"}],"replies":[{"embeddable":true,"href":"https:\/\/amical-buchenwald.org\/es\/wp-json\/wp\/v2\/comments?post=1754"}],"version-history":[{"count":1,"href":"https:\/\/amical-buchenwald.org\/es\/wp-json\/wp\/v2\/posts\/1754\/revisions"}],"predecessor-version":[{"id":1755,"href":"https:\/\/amical-buchenwald.org\/es\/wp-json\/wp\/v2\/posts\/1754\/revisions\/1755"}],"wp:featuredmedia":[{"embeddable":true,"href":"https:\/\/amical-buchenwald.org\/es\/wp-json\/wp\/v2\/media\/1747"}],"wp:attachment":[{"href":"https:\/\/amical-buchenwald.org\/es\/wp-json\/wp\/v2\/media?parent=1754"}],"wp:term":[{"taxonomy":"category","embeddable":true,"href":"https:\/\/amical-buchenwald.org\/es\/wp-json\/wp\/v2\/categories?post=1754"},{"taxonomy":"post_tag","embeddable":true,"href":"https:\/\/amical-buchenwald.org\/es\/wp-json\/wp\/v2\/tags?post=1754"}],"curies":[{"name":"wp","href":"https:\/\/api.w.org\/{rel}","templated":true}]}}