{"id":1738,"date":"2025-10-13T14:20:41","date_gmt":"2025-10-13T14:20:41","guid":{"rendered":"https:\/\/amical-buchenwald.org\/lamical-de-buchenwald-posa-en-marxa-aquest-octubre-el-i-cicle-de-cinema-sobre-la-deportacio-als-camps-nazis-a-cubelles\/"},"modified":"2025-10-13T14:25:37","modified_gmt":"2025-10-13T14:25:37","slug":"lamical-de-buchenwald-posa-en-marxa-aquest-octubre-el-i-cicle-de-cinema-sobre-la-deportacio-als-camps-nazis-a-cubelles","status":"publish","type":"post","link":"https:\/\/amical-buchenwald.org\/es\/lamical-de-buchenwald-posa-en-marxa-aquest-octubre-el-i-cicle-de-cinema-sobre-la-deportacio-als-camps-nazis-a-cubelles\/","title":{"rendered":"Amical de Buchenwald pone en marcha este octubre el I Ciclo de Cine sobre la deportaci\u00f3n a los campos nazis en Cubelles"},"content":{"rendered":"<p lang=\"es-ES-u-co-trad\" align=\"center\">\n<p align=\"center\"><span style=\"font-family: Arial, sans-serif;\"><span style=\"font-size: medium;\"><span lang=\"es-ES-u-co-trad\"><b>Un ciclo integrado en el programa de actividades del curso 2025-2026 del Proyecto Buchenwald y del Grupo DEMD Garraf Pened\u00e8s, en colaboraci\u00f3n del Ayuntamiento de Cubelles, la Biblioteca Joan Aviny\u00f3 y el Grupo de Estudios Cubellenses \u201cAmics del Castell\u201d, y que tendr\u00e1 lugar los jueves 16,23 y 8.<\/b><\/span><\/span><\/span><\/p>\n<p lang=\"es-ES-u-co-trad\" align=\"justify\">\n<p align=\"justify\"><span style=\"font-family: Arial, sans-serif;\"><span lang=\"es-ES-u-co-trad\">Este primer ciclo en Cubelles, enlaza con el ciclo que en 2026 tendr\u00e1 lugar en Vilanova y que en este caso ya cumplir\u00e1 su XIII edici\u00f3n, manteniendo el formato de cinef\u00f3rums con participaci\u00f3n de personas y entidades vinculadas a la tem\u00e1tica, que presentar\u00e1n el documental inicial y participar\u00e1n en el posterior debate.<\/span><\/span><\/p>\n<p align=\"justify\"><span style=\"font-family: Arial, sans-serif;\"><span lang=\"es-ES-u-co-trad\">El primer ciclo sobre la deportaci\u00f3n a los campos nazis, se iniciar\u00e1 el jueves 16 con la proyecci\u00f3n del documental <\/span><\/span><span style=\"font-family: Arial, sans-serif;\"><span style=\"font-size: medium;\"><span lang=\"es-ES-u-co-trad\"><b>\u00abDiferentes: conocer el pasado, para entender el presente para alcanzar el futuro\u00bb.<\/b><\/span><\/span><\/span><\/p>\n<p align=\"justify\"><span style=\"font-family: Arial, sans-serif;\"><span lang=\"es-ES-u-co-trad\">Documental que denuncia todo lo que sufrieron las personas con discapacidad intelectual durante el nazismo alem\u00e1n y la dictadura franquista en el Estado espa\u00f1ol y promueve una sociedad inclusiva e igualitaria<\/span><\/span><\/p>\n<p align=\"justify\"><span style=\"font-family: Arial, sans-serif;\"><span lang=\"es-ES-u-co-trad\">Un documental del Grupo Caliu, del a\u00f1o 2020. direcci\u00f3n, producci\u00f3n y gui\u00f3n Laura Gonz\u00e1lez, Markos Moya, Rub\u00e9n S\u00e1nchez.<\/span><\/span><\/p>\n<p align=\"justify\"><span style=\"font-family: Arial, sans-serif;\"><span lang=\"es-ES-u-co-trad\">La mesa redonda contar\u00e1 con la presencia de <\/span><\/span><span style=\"font-family: Arial, sans-serif;\"><span lang=\"es-ES-u-co-trad\"><b>Elia Serra<\/b><\/span><\/span><span style=\"font-family: Arial, sans-serif;\"><span lang=\"es-ES-u-co-trad\">, coordinadora de actividades de Vilanova Actua<\/span><\/span><span style=\"font-family: Arial, sans-serif;\"><span lang=\"es-ES-u-co-trad\"><b>, Edgar Vinyals<\/b><\/span><\/span><span style=\"font-family: Arial, sans-serif;\"><span lang=\"es-ES-u-co-trad\">, activista en salud mental en primera persona y <\/span><\/span><span style=\"font-family: Arial, sans-serif;\"><span lang=\"es-ES-u-co-trad\"><b>Rub\u00e8n Benedicto<\/b><\/span><\/span><span style=\"font-family: Arial, sans-serif;\"><span lang=\"es-ES-u-co-trad\">, psic\u00f3logo y miembro de Amical de Buchenwald.<\/span><\/span><\/p>\n<p align=\"justify\"><span style=\"font-family: Arial, sans-serif;\"><span lang=\"es-ES-u-co-trad\">Continuar\u00e1 el jueves 23 con <\/span><\/span><span style=\"font-family: Arial, sans-serif;\"><span style=\"font-size: medium;\"><span lang=\"es-ES-u-co-trad\"><b>\u00abSempr\u00fan sin Sempr\u00fan\u00bb<\/b><\/span><\/span><\/span><\/p>\n<p align=\"justify\"><span style=\"font-family: Arial, sans-serif;\"><span lang=\"es-ES-u-co-trad\">Documental de RTVE, que nos acerca a la figura de Jorge Sempr\u00fan, escritor, guionista, realizador del documental \u201cAmbas memorias\u201d, ministro, militante clandestino contra la dictadura y deportado al campo de Buchenwald. Una vida anidada en los acontecimientos del s.XX que le fueron configurando. El documental establece un di\u00e1logo entre un Jorge mayor y uno joven. Sempr\u00fan sin Sempr\u00fan es un viaje, no lineal, a la vida de un hombre encubierto en un personaje, con una vida de novela y un pasado mucho m\u00e1s clandestino y misterioso de lo imaginable. Es un documental que habla del valor de la amistad, de la autocr\u00edtica, de la b\u00fasqueda de coherencia en la vida.<\/span><\/span><\/p>\n<p align=\"justify\"><span style=\"font-family: Arial, sans-serif;\"><span lang=\"es-ES-u-co-trad\">Con el coloquio posterior con <\/span><\/span><span style=\"font-family: Arial, sans-serif;\"><span lang=\"es-ES-u-co-trad\"><b>Fina Ferrando<\/b><\/span><\/span><span style=\"font-family: Arial, sans-serif;\"><span lang=\"es-ES-u-co-trad\">, ex profesora y miembro del Amical de Buchenwald, <\/span><\/span><span style=\"font-family: Arial, sans-serif;\"><span lang=\"es-ES-u-co-trad\"><b>Rub\u00e9n Benedicto<\/b><\/span><\/span><span style=\"font-family: Arial, sans-serif;\"><span lang=\"es-ES-u-co-trad\">, psic\u00f3logo, y <\/span><\/span><span style=\"font-family: Arial, sans-serif;\"><span lang=\"es-ES-u-co-trad\"><b>Nuria Jan\u00e9<\/b><\/span><\/span><span style=\"font-family: Arial, sans-serif;\"><span lang=\"es-ES-u-co-trad\">, archivera municipal.<\/span><\/span><\/p>\n<p align=\"justify\"><span style=\"font-family: Arial, sans-serif;\"><span lang=\"es-ES-u-co-trad\">Y finalizar\u00e1 el jueves 30 de octubre con <\/span><\/span><span style=\"font-family: Arial, sans-serif;\"><span lang=\"es-ES-u-co-trad\"><b>\u00ab<\/b><\/span><\/span><span style=\"font-family: Arial, sans-serif;\"><span style=\"font-size: medium;\"><span lang=\"es-ES-u-co-trad\"><b>La guerra de los m\u00e9dicos\u00bb<\/b><\/span><\/span><\/span><\/p>\n<p align=\"justify\"><span style=\"font-family: Arial, sans-serif;\"><span lang=\"es-ES-u-co-trad\">Un documental del 2011, de Elsa Kvamme que describe el regreso a Buchenwald de su padre Elling Kvamme, m\u00e9dico noruego que junto a otros no quisieron ser c\u00f3mplices de los experimentos nazis y fueron deportados al campo.<\/span><\/span><\/p>\n<p align=\"justify\"><span style=\"font-family: Arial, sans-serif;\"><span lang=\"es-ES-u-co-trad\">Con debate a cargo de <\/span><\/span><span style=\"font-family: Arial, sans-serif;\"><span lang=\"es-ES-u-co-trad\"><b>Josep M. Garcia<\/b><\/span><\/span><span style=\"font-family: Arial, sans-serif;\"><span lang=\"es-ES-u-co-trad\">, periodista y vicepresidente del Grupo de Estudios Cubellenses \u201cAmics del Castell\u201d, <\/span><\/span><span style=\"font-family: Arial, sans-serif;\"><span lang=\"es-ES-u-co-trad\"><b>Neus Capdet<\/b><\/span><\/span><span style=\"font-family: Arial, sans-serif;\"><span lang=\"es-ES-u-co-trad\">, profesora del INS Cubelles y <\/span><\/span><span style=\"font-family: Arial, sans-serif;\"><span lang=\"es-ES-u-co-trad\"><b>Enric Garriga<\/b><\/span><\/span><span style=\"font-family: Arial, sans-serif;\"><span lang=\"es-ES-u-co-trad\">, presidente del Amical de Buchenwald.<\/span><\/span><\/p>\n","protected":false},"excerpt":{"rendered":"<p>Un ciclo integrado en el programa de actividades del curso 2025-2026 del Proyecto Buchenwald y del Grupo DEMD Garraf Pened\u00e8s, en colaboraci\u00f3n del Ayuntamiento de Cubelles, la Biblioteca Joan Aviny\u00f3 y el Grupo de Estudios Cubellenses \u201cAmics del Castell\u201d, y que tendr\u00e1 lugar los jueves 16,23 y 8. Este primer ciclo en Cubelles, enlaza con [&hellip;]<\/p>\n","protected":false},"author":7,"featured_media":1731,"comment_status":"open","ping_status":"open","sticky":false,"template":"","format":"standard","meta":{"_acf_changed":false,"footnotes":""},"categories":[4,26],"tags":[],"class_list":["post-1738","post","type-post","status-publish","format-standard","has-post-thumbnail","hentry","category-actividades","category-agenda-es"],"acf":[],"yoast_head":"<!-- This site is optimized with the Yoast SEO plugin v26.6 - https:\/\/yoast.com\/wordpress\/plugins\/seo\/ -->\n<title>Amical de Buchenwald pone en marcha este octubre el I Ciclo de Cine sobre la deportaci\u00f3n a los campos nazis en Cubelles - Amical de Buchenwald<\/title>\n<meta name=\"robots\" content=\"index, follow, max-snippet:-1, max-image-preview:large, max-video-preview:-1\" \/>\n<link rel=\"canonical\" href=\"https:\/\/amical-buchenwald.org\/es\/lamical-de-buchenwald-posa-en-marxa-aquest-octubre-el-i-cicle-de-cinema-sobre-la-deportacio-als-camps-nazis-a-cubelles\/\" \/>\n<meta property=\"og:locale\" content=\"es_ES\" \/>\n<meta property=\"og:type\" content=\"article\" \/>\n<meta property=\"og:title\" content=\"Amical de Buchenwald pone en marcha este octubre el I Ciclo de Cine sobre la deportaci\u00f3n a los campos nazis en Cubelles - Amical de Buchenwald\" \/>\n<meta property=\"og:description\" content=\"Un ciclo integrado en el programa de actividades del curso 2025-2026 del Proyecto Buchenwald y del Grupo DEMD Garraf Pened\u00e8s, en colaboraci\u00f3n del Ayuntamiento de Cubelles, la Biblioteca Joan Aviny\u00f3 y el Grupo de Estudios Cubellenses \u201cAmics del Castell\u201d, y que tendr\u00e1 lugar los jueves 16,23 y 8. Este primer ciclo en Cubelles, enlaza con [&hellip;]\" \/>\n<meta property=\"og:url\" content=\"https:\/\/amical-buchenwald.org\/es\/lamical-de-buchenwald-posa-en-marxa-aquest-octubre-el-i-cicle-de-cinema-sobre-la-deportacio-als-camps-nazis-a-cubelles\/\" \/>\n<meta property=\"og:site_name\" content=\"Amical de Buchenwald\" \/>\n<meta property=\"article:published_time\" content=\"2025-10-13T14:20:41+00:00\" \/>\n<meta property=\"article:modified_time\" content=\"2025-10-13T14:25:37+00:00\" \/>\n<meta property=\"og:image\" content=\"http:\/\/amical-buchenwald.org\/wp-content\/uploads\/2025\/10\/buchenwald--e1760365415876.png\" \/>\n\t<meta property=\"og:image:width\" content=\"1414\" \/>\n\t<meta property=\"og:image:height\" content=\"2000\" \/>\n\t<meta property=\"og:image:type\" content=\"image\/png\" \/>\n<meta name=\"author\" content=\"Administrador\" \/>\n<meta name=\"twitter:card\" content=\"summary_large_image\" \/>\n<meta name=\"twitter:label1\" content=\"Escrito por\" \/>\n\t<meta name=\"twitter:data1\" content=\"Administrador\" \/>\n\t<meta name=\"twitter:label2\" content=\"Tiempo de lectura\" \/>\n\t<meta name=\"twitter:data2\" content=\"3 minutos\" \/>\n<script type=\"application\/ld+json\" class=\"yoast-schema-graph\">{\"@context\":\"https:\/\/schema.org\",\"@graph\":[{\"@type\":\"WebPage\",\"@id\":\"https:\/\/amical-buchenwald.org\/es\/lamical-de-buchenwald-posa-en-marxa-aquest-octubre-el-i-cicle-de-cinema-sobre-la-deportacio-als-camps-nazis-a-cubelles\/\",\"url\":\"https:\/\/amical-buchenwald.org\/es\/lamical-de-buchenwald-posa-en-marxa-aquest-octubre-el-i-cicle-de-cinema-sobre-la-deportacio-als-camps-nazis-a-cubelles\/\",\"name\":\"Amical de Buchenwald pone en marcha este octubre el I Ciclo de Cine sobre la deportaci\u00f3n a los campos nazis en Cubelles - Amical de Buchenwald\",\"isPartOf\":{\"@id\":\"https:\/\/amical-buchenwald.org\/#website\"},\"primaryImageOfPage\":{\"@id\":\"https:\/\/amical-buchenwald.org\/es\/lamical-de-buchenwald-posa-en-marxa-aquest-octubre-el-i-cicle-de-cinema-sobre-la-deportacio-als-camps-nazis-a-cubelles\/#primaryimage\"},\"image\":{\"@id\":\"https:\/\/amical-buchenwald.org\/es\/lamical-de-buchenwald-posa-en-marxa-aquest-octubre-el-i-cicle-de-cinema-sobre-la-deportacio-als-camps-nazis-a-cubelles\/#primaryimage\"},\"thumbnailUrl\":\"https:\/\/amical-buchenwald.org\/wp-content\/uploads\/2025\/10\/buchenwald--e1760365415876.png\",\"datePublished\":\"2025-10-13T14:20:41+00:00\",\"dateModified\":\"2025-10-13T14:25:37+00:00\",\"author\":{\"@id\":\"https:\/\/amical-buchenwald.org\/#\/schema\/person\/c9bab2aa9c8bb733e898235936fe9aa7\"},\"breadcrumb\":{\"@id\":\"https:\/\/amical-buchenwald.org\/es\/lamical-de-buchenwald-posa-en-marxa-aquest-octubre-el-i-cicle-de-cinema-sobre-la-deportacio-als-camps-nazis-a-cubelles\/#breadcrumb\"},\"inLanguage\":\"es\",\"potentialAction\":[{\"@type\":\"ReadAction\",\"target\":[\"https:\/\/amical-buchenwald.org\/es\/lamical-de-buchenwald-posa-en-marxa-aquest-octubre-el-i-cicle-de-cinema-sobre-la-deportacio-als-camps-nazis-a-cubelles\/\"]}]},{\"@type\":\"ImageObject\",\"inLanguage\":\"es\",\"@id\":\"https:\/\/amical-buchenwald.org\/es\/lamical-de-buchenwald-posa-en-marxa-aquest-octubre-el-i-cicle-de-cinema-sobre-la-deportacio-als-camps-nazis-a-cubelles\/#primaryimage\",\"url\":\"https:\/\/amical-buchenwald.org\/wp-content\/uploads\/2025\/10\/buchenwald--e1760365415876.png\",\"contentUrl\":\"https:\/\/amical-buchenwald.org\/wp-content\/uploads\/2025\/10\/buchenwald--e1760365415876.png\",\"width\":1414,\"height\":2000},{\"@type\":\"BreadcrumbList\",\"@id\":\"https:\/\/amical-buchenwald.org\/es\/lamical-de-buchenwald-posa-en-marxa-aquest-octubre-el-i-cicle-de-cinema-sobre-la-deportacio-als-camps-nazis-a-cubelles\/#breadcrumb\",\"itemListElement\":[{\"@type\":\"ListItem\",\"position\":1,\"name\":\"Inici\",\"item\":\"https:\/\/amical-buchenwald.org\/es\/\"},{\"@type\":\"ListItem\",\"position\":2,\"name\":\"Amical de Buchenwald pone en marcha este octubre el I Ciclo de Cine sobre la deportaci\u00f3n a los campos nazis en Cubelles\"}]},{\"@type\":\"WebSite\",\"@id\":\"https:\/\/amical-buchenwald.org\/#website\",\"url\":\"https:\/\/amical-buchenwald.org\/\",\"name\":\"Amical de Buchenwald\",\"description\":\"\",\"potentialAction\":[{\"@type\":\"SearchAction\",\"target\":{\"@type\":\"EntryPoint\",\"urlTemplate\":\"https:\/\/amical-buchenwald.org\/?s={search_term_string}\"},\"query-input\":{\"@type\":\"PropertyValueSpecification\",\"valueRequired\":true,\"valueName\":\"search_term_string\"}}],\"inLanguage\":\"es\"},{\"@type\":\"Person\",\"@id\":\"https:\/\/amical-buchenwald.org\/#\/schema\/person\/c9bab2aa9c8bb733e898235936fe9aa7\",\"name\":\"Administrador\",\"image\":{\"@type\":\"ImageObject\",\"inLanguage\":\"es\",\"@id\":\"https:\/\/amical-buchenwald.org\/#\/schema\/person\/image\/\",\"url\":\"https:\/\/secure.gravatar.com\/avatar\/62782f0fcb027dfe28798440b5f171b1?s=96&d=mm&r=g\",\"contentUrl\":\"https:\/\/secure.gravatar.com\/avatar\/62782f0fcb027dfe28798440b5f171b1?s=96&d=mm&r=g\",\"caption\":\"Administrador\"},\"url\":\"https:\/\/amical-buchenwald.org\/es\/author\/adm-buchenwald2025\/\"}]}<\/script>\n<!-- \/ Yoast SEO plugin. -->","yoast_head_json":{"title":"Amical de Buchenwald pone en marcha este octubre el I Ciclo de Cine sobre la deportaci\u00f3n a los campos nazis en Cubelles - Amical de Buchenwald","robots":{"index":"index","follow":"follow","max-snippet":"max-snippet:-1","max-image-preview":"max-image-preview:large","max-video-preview":"max-video-preview:-1"},"canonical":"https:\/\/amical-buchenwald.org\/es\/lamical-de-buchenwald-posa-en-marxa-aquest-octubre-el-i-cicle-de-cinema-sobre-la-deportacio-als-camps-nazis-a-cubelles\/","og_locale":"es_ES","og_type":"article","og_title":"Amical de Buchenwald pone en marcha este octubre el I Ciclo de Cine sobre la deportaci\u00f3n a los campos nazis en Cubelles - Amical de Buchenwald","og_description":"Un ciclo integrado en el programa de actividades del curso 2025-2026 del Proyecto Buchenwald y del Grupo DEMD Garraf Pened\u00e8s, en colaboraci\u00f3n del Ayuntamiento de Cubelles, la Biblioteca Joan Aviny\u00f3 y el Grupo de Estudios Cubellenses \u201cAmics del Castell\u201d, y que tendr\u00e1 lugar los jueves 16,23 y 8. Este primer ciclo en Cubelles, enlaza con [&hellip;]","og_url":"https:\/\/amical-buchenwald.org\/es\/lamical-de-buchenwald-posa-en-marxa-aquest-octubre-el-i-cicle-de-cinema-sobre-la-deportacio-als-camps-nazis-a-cubelles\/","og_site_name":"Amical de Buchenwald","article_published_time":"2025-10-13T14:20:41+00:00","article_modified_time":"2025-10-13T14:25:37+00:00","og_image":[{"width":1414,"height":2000,"url":"http:\/\/amical-buchenwald.org\/wp-content\/uploads\/2025\/10\/buchenwald--e1760365415876.png","type":"image\/png"}],"author":"Administrador","twitter_card":"summary_large_image","twitter_misc":{"Escrito por":"Administrador","Tiempo de lectura":"3 minutos"},"schema":{"@context":"https:\/\/schema.org","@graph":[{"@type":"WebPage","@id":"https:\/\/amical-buchenwald.org\/es\/lamical-de-buchenwald-posa-en-marxa-aquest-octubre-el-i-cicle-de-cinema-sobre-la-deportacio-als-camps-nazis-a-cubelles\/","url":"https:\/\/amical-buchenwald.org\/es\/lamical-de-buchenwald-posa-en-marxa-aquest-octubre-el-i-cicle-de-cinema-sobre-la-deportacio-als-camps-nazis-a-cubelles\/","name":"Amical de Buchenwald pone en marcha este octubre el I Ciclo de Cine sobre la deportaci\u00f3n a los campos nazis en Cubelles - Amical de Buchenwald","isPartOf":{"@id":"https:\/\/amical-buchenwald.org\/#website"},"primaryImageOfPage":{"@id":"https:\/\/amical-buchenwald.org\/es\/lamical-de-buchenwald-posa-en-marxa-aquest-octubre-el-i-cicle-de-cinema-sobre-la-deportacio-als-camps-nazis-a-cubelles\/#primaryimage"},"image":{"@id":"https:\/\/amical-buchenwald.org\/es\/lamical-de-buchenwald-posa-en-marxa-aquest-octubre-el-i-cicle-de-cinema-sobre-la-deportacio-als-camps-nazis-a-cubelles\/#primaryimage"},"thumbnailUrl":"https:\/\/amical-buchenwald.org\/wp-content\/uploads\/2025\/10\/buchenwald--e1760365415876.png","datePublished":"2025-10-13T14:20:41+00:00","dateModified":"2025-10-13T14:25:37+00:00","author":{"@id":"https:\/\/amical-buchenwald.org\/#\/schema\/person\/c9bab2aa9c8bb733e898235936fe9aa7"},"breadcrumb":{"@id":"https:\/\/amical-buchenwald.org\/es\/lamical-de-buchenwald-posa-en-marxa-aquest-octubre-el-i-cicle-de-cinema-sobre-la-deportacio-als-camps-nazis-a-cubelles\/#breadcrumb"},"inLanguage":"es","potentialAction":[{"@type":"ReadAction","target":["https:\/\/amical-buchenwald.org\/es\/lamical-de-buchenwald-posa-en-marxa-aquest-octubre-el-i-cicle-de-cinema-sobre-la-deportacio-als-camps-nazis-a-cubelles\/"]}]},{"@type":"ImageObject","inLanguage":"es","@id":"https:\/\/amical-buchenwald.org\/es\/lamical-de-buchenwald-posa-en-marxa-aquest-octubre-el-i-cicle-de-cinema-sobre-la-deportacio-als-camps-nazis-a-cubelles\/#primaryimage","url":"https:\/\/amical-buchenwald.org\/wp-content\/uploads\/2025\/10\/buchenwald--e1760365415876.png","contentUrl":"https:\/\/amical-buchenwald.org\/wp-content\/uploads\/2025\/10\/buchenwald--e1760365415876.png","width":1414,"height":2000},{"@type":"BreadcrumbList","@id":"https:\/\/amical-buchenwald.org\/es\/lamical-de-buchenwald-posa-en-marxa-aquest-octubre-el-i-cicle-de-cinema-sobre-la-deportacio-als-camps-nazis-a-cubelles\/#breadcrumb","itemListElement":[{"@type":"ListItem","position":1,"name":"Inici","item":"https:\/\/amical-buchenwald.org\/es\/"},{"@type":"ListItem","position":2,"name":"Amical de Buchenwald pone en marcha este octubre el I Ciclo de Cine sobre la deportaci\u00f3n a los campos nazis en Cubelles"}]},{"@type":"WebSite","@id":"https:\/\/amical-buchenwald.org\/#website","url":"https:\/\/amical-buchenwald.org\/","name":"Amical de Buchenwald","description":"","potentialAction":[{"@type":"SearchAction","target":{"@type":"EntryPoint","urlTemplate":"https:\/\/amical-buchenwald.org\/?s={search_term_string}"},"query-input":{"@type":"PropertyValueSpecification","valueRequired":true,"valueName":"search_term_string"}}],"inLanguage":"es"},{"@type":"Person","@id":"https:\/\/amical-buchenwald.org\/#\/schema\/person\/c9bab2aa9c8bb733e898235936fe9aa7","name":"Administrador","image":{"@type":"ImageObject","inLanguage":"es","@id":"https:\/\/amical-buchenwald.org\/#\/schema\/person\/image\/","url":"https:\/\/secure.gravatar.com\/avatar\/62782f0fcb027dfe28798440b5f171b1?s=96&d=mm&r=g","contentUrl":"https:\/\/secure.gravatar.com\/avatar\/62782f0fcb027dfe28798440b5f171b1?s=96&d=mm&r=g","caption":"Administrador"},"url":"https:\/\/amical-buchenwald.org\/es\/author\/adm-buchenwald2025\/"}]}},"_links":{"self":[{"href":"https:\/\/amical-buchenwald.org\/es\/wp-json\/wp\/v2\/posts\/1738","targetHints":{"allow":["GET"]}}],"collection":[{"href":"https:\/\/amical-buchenwald.org\/es\/wp-json\/wp\/v2\/posts"}],"about":[{"href":"https:\/\/amical-buchenwald.org\/es\/wp-json\/wp\/v2\/types\/post"}],"author":[{"embeddable":true,"href":"https:\/\/amical-buchenwald.org\/es\/wp-json\/wp\/v2\/users\/7"}],"replies":[{"embeddable":true,"href":"https:\/\/amical-buchenwald.org\/es\/wp-json\/wp\/v2\/comments?post=1738"}],"version-history":[{"count":1,"href":"https:\/\/amical-buchenwald.org\/es\/wp-json\/wp\/v2\/posts\/1738\/revisions"}],"predecessor-version":[{"id":1739,"href":"https:\/\/amical-buchenwald.org\/es\/wp-json\/wp\/v2\/posts\/1738\/revisions\/1739"}],"wp:featuredmedia":[{"embeddable":true,"href":"https:\/\/amical-buchenwald.org\/es\/wp-json\/wp\/v2\/media\/1731"}],"wp:attachment":[{"href":"https:\/\/amical-buchenwald.org\/es\/wp-json\/wp\/v2\/media?parent=1738"}],"wp:term":[{"taxonomy":"category","embeddable":true,"href":"https:\/\/amical-buchenwald.org\/es\/wp-json\/wp\/v2\/categories?post=1738"},{"taxonomy":"post_tag","embeddable":true,"href":"https:\/\/amical-buchenwald.org\/es\/wp-json\/wp\/v2\/tags?post=1738"}],"curies":[{"name":"wp","href":"https:\/\/api.w.org\/{rel}","templated":true}]}}