{"id":1674,"date":"2025-05-18T17:04:39","date_gmt":"2025-05-18T17:04:39","guid":{"rendered":"https:\/\/amical-buchenwald.org\/miren-martinez-angulo-del-colegio-alazne-ikastetxea-de-barakaldo-biskaia-guanya-lxi-premi-marcel%c2%b7li-garriga-de-fotografia-2025\/"},"modified":"2025-05-18T17:12:59","modified_gmt":"2025-05-18T17:12:59","slug":"miren-martinez-angulo-del-colegio-alazne-ikastetxea-de-barakaldo-biskaia-guanya-lxi-premi-marcel%c2%b7li-garriga-de-fotografia-2025","status":"publish","type":"post","link":"https:\/\/amical-buchenwald.org\/es\/miren-martinez-angulo-del-colegio-alazne-ikastetxea-de-barakaldo-biskaia-guanya-lxi-premi-marcel%c2%b7li-garriga-de-fotografia-2025\/","title":{"rendered":"MIREN MARTINEZ ANGULO DEL COLEGIO ALAZNE IKASTETXEA DE BARAKALDO (BIZKAIA) GANA EL XI PREMI \u201cMARCEL\u00b7L\u00cd GARRIGA\u201d DE FOTOGRAFIA 2025"},"content":{"rendered":"<p class=\"western\" lang=\"ca-ES\" align=\"center\"><span style=\"font-family: Arial, sans-serif;\"><span style=\"font-size: large;\"><b>MIREN MARTINEZ ANGULO DEL COLEGIO ALAZNE IKASTETXEA DE BARAKALDO (BISKAIA) GANA EL XI PREMIO \u201cMARCEL\u00b7L\u00cd GARRIGA\u201d DE FOTOGRAFIA 2025<\/b><\/span><\/span><\/p>\n<p class=\"western\" lang=\"ca-ES\" align=\"center\"><b>\u00ab<\/b><span style=\"font-family: Arial, sans-serif;\"><span style=\"font-size: large;\"><b>Los Campos de concentraci\u00f3n: la mirada de la juventud\u201d<\/b><\/span><\/span><\/p>\n<p class=\"western\" lang=\"ca-ES\" align=\"justify\"><span style=\"font-family: Arial, sans-serif;\"><span lang=\"es-ES-u-co-trad\">La joven alumna de la Escuela Alazne del Pa\u00eds Vasco, ha resultado la ganadora de esta und\u00e9cima edici\u00f3n del Premio Marcel.l\u00ed Garriga de fotograf\u00eda de los campos.<\/span><\/span><\/p>\n<p class=\"western\" lang=\"ca-ES\" align=\"justify\"><span style=\"font-family: Arial, sans-serif;\"><span lang=\"es-ES-u-co-trad\">El jurado del premio, integrado por personas del mundo educativo, del mundo de la fotograf\u00eda y del Amical de Buchenwald, ha acordado premiar el trabajo <\/span><\/span><\/p>\n<p class=\"western\" lang=\"ca-ES\" align=\"justify\">\u201c<span style=\"font-family: Arial, sans-serif;\"><span lang=\"es-ES-u-co-trad\">Para no olvidar\u201d una fotograf\u00eda y un texto que de acuerdo con las bases aporta una interesante reflexi\u00f3n, mostrando manos juveniles tocando la placa met\u00e1lica del campo de Buchenwald, donde est\u00e1n escritos todos los nombres de los pa\u00edses con deportados a este campo, y una placa que siempre est\u00e1 a la temperatura corporal de los seres humanos.<\/span><\/span><\/p>\n<p class=\"western\" lang=\"ca-ES\" align=\"justify\"><span style=\"font-family: Arial, sans-serif;\"><span lang=\"es-ES-u-co-trad\">La joven vasca nos recuerda que \u00abtocar esta placa es tocar la historia con respeto, con l\u00e1grimas invisibles, y con la promesa de nunca olvidar\u00bb.<\/span><\/span><\/p>\n<p class=\"western\" lang=\"ca-ES\" align=\"justify\"><span style=\"font-family: Arial, sans-serif;\"><span lang=\"es-ES-u-co-trad\">El premio est\u00e1 dotado con una c\u00e1mara fotogr\u00e1fica valorada en 400\u20ac y un diploma acreditativo.<\/span><\/span><\/p>\n<p class=\"western\" lang=\"ca-ES\" align=\"justify\"><span style=\"font-family: Arial, sans-serif;\"><span lang=\"es-ES-u-co-trad\">16 de mayo de 2025<\/span><\/span><\/p>\n","protected":false},"excerpt":{"rendered":"<p>MIREN MARTINEZ ANGULO DEL COLEGIO ALAZNE IKASTETXEA DE BARAKALDO (BISKAIA) GANA EL XI PREMIO \u201cMARCEL\u00b7L\u00cd GARRIGA\u201d DE FOTOGRAFIA 2025 \u00abLos Campos de concentraci\u00f3n: la mirada de la juventud\u201d La joven alumna de la Escuela Alazne del Pa\u00eds Vasco, ha resultado la ganadora de esta und\u00e9cima edici\u00f3n del Premio Marcel.l\u00ed Garriga de fotograf\u00eda de los campos. [&hellip;]<\/p>\n","protected":false},"author":7,"featured_media":1671,"comment_status":"open","ping_status":"open","sticky":false,"template":"","format":"standard","meta":{"_acf_changed":false,"footnotes":""},"categories":[11],"tags":[],"class_list":["post-1674","post","type-post","status-publish","format-standard","has-post-thumbnail","hentry","category-noticias"],"acf":[],"yoast_head":"<!-- This site is optimized with the Yoast SEO plugin v26.6 - https:\/\/yoast.com\/wordpress\/plugins\/seo\/ -->\n<title>MIREN MARTINEZ ANGULO DEL COLEGIO ALAZNE IKASTETXEA DE BARAKALDO (BIZKAIA) GANA EL XI PREMI \u201cMARCEL\u00b7L\u00cd GARRIGA\u201d DE FOTOGRAFIA 2025 - Amical de Buchenwald<\/title>\n<meta name=\"robots\" content=\"index, follow, max-snippet:-1, max-image-preview:large, max-video-preview:-1\" \/>\n<link rel=\"canonical\" href=\"https:\/\/amical-buchenwald.org\/es\/miren-martinez-angulo-del-colegio-alazne-ikastetxea-de-barakaldo-biskaia-guanya-lxi-premi-marcel\u00b7li-garriga-de-fotografia-2025\/\" \/>\n<meta property=\"og:locale\" content=\"es_ES\" \/>\n<meta property=\"og:type\" content=\"article\" \/>\n<meta property=\"og:title\" content=\"MIREN MARTINEZ ANGULO DEL COLEGIO ALAZNE IKASTETXEA DE BARAKALDO (BIZKAIA) GANA EL XI PREMI \u201cMARCEL\u00b7L\u00cd GARRIGA\u201d DE FOTOGRAFIA 2025 - Amical de Buchenwald\" \/>\n<meta property=\"og:description\" content=\"MIREN MARTINEZ ANGULO DEL COLEGIO ALAZNE IKASTETXEA DE BARAKALDO (BISKAIA) GANA EL XI PREMIO \u201cMARCEL\u00b7L\u00cd GARRIGA\u201d DE FOTOGRAFIA 2025 \u00abLos Campos de concentraci\u00f3n: la mirada de la juventud\u201d La joven alumna de la Escuela Alazne del Pa\u00eds Vasco, ha resultado la ganadora de esta und\u00e9cima edici\u00f3n del Premio Marcel.l\u00ed Garriga de fotograf\u00eda de los campos. [&hellip;]\" \/>\n<meta property=\"og:url\" content=\"https:\/\/amical-buchenwald.org\/es\/miren-martinez-angulo-del-colegio-alazne-ikastetxea-de-barakaldo-biskaia-guanya-lxi-premi-marcel\u00b7li-garriga-de-fotografia-2025\/\" \/>\n<meta property=\"og:site_name\" content=\"Amical de Buchenwald\" \/>\n<meta property=\"article:published_time\" content=\"2025-05-18T17:04:39+00:00\" \/>\n<meta property=\"article:modified_time\" content=\"2025-05-18T17:12:59+00:00\" \/>\n<meta property=\"og:image\" content=\"http:\/\/amical-buchenwald.org\/wp-content\/uploads\/2025\/05\/para-no-olvidar.foto-1-premi-MG.jpg\" \/>\n\t<meta property=\"og:image:width\" content=\"1152\" \/>\n\t<meta property=\"og:image:height\" content=\"2048\" \/>\n\t<meta property=\"og:image:type\" content=\"image\/jpeg\" \/>\n<meta name=\"author\" content=\"Administrador\" \/>\n<meta name=\"twitter:card\" content=\"summary_large_image\" \/>\n<meta name=\"twitter:label1\" content=\"Escrito por\" \/>\n\t<meta name=\"twitter:data1\" content=\"Administrador\" \/>\n\t<meta name=\"twitter:label2\" content=\"Tiempo de lectura\" \/>\n\t<meta name=\"twitter:data2\" content=\"2 minutos\" \/>\n<script type=\"application\/ld+json\" class=\"yoast-schema-graph\">{\"@context\":\"https:\/\/schema.org\",\"@graph\":[{\"@type\":\"WebPage\",\"@id\":\"https:\/\/amical-buchenwald.org\/es\/miren-martinez-angulo-del-colegio-alazne-ikastetxea-de-barakaldo-biskaia-guanya-lxi-premi-marcel%c2%b7li-garriga-de-fotografia-2025\/\",\"url\":\"https:\/\/amical-buchenwald.org\/es\/miren-martinez-angulo-del-colegio-alazne-ikastetxea-de-barakaldo-biskaia-guanya-lxi-premi-marcel%c2%b7li-garriga-de-fotografia-2025\/\",\"name\":\"MIREN MARTINEZ ANGULO DEL COLEGIO ALAZNE IKASTETXEA DE BARAKALDO (BIZKAIA) GANA EL XI PREMI \u201cMARCEL\u00b7L\u00cd GARRIGA\u201d DE FOTOGRAFIA 2025 - Amical de Buchenwald\",\"isPartOf\":{\"@id\":\"https:\/\/amical-buchenwald.org\/#website\"},\"primaryImageOfPage\":{\"@id\":\"https:\/\/amical-buchenwald.org\/es\/miren-martinez-angulo-del-colegio-alazne-ikastetxea-de-barakaldo-biskaia-guanya-lxi-premi-marcel%c2%b7li-garriga-de-fotografia-2025\/#primaryimage\"},\"image\":{\"@id\":\"https:\/\/amical-buchenwald.org\/es\/miren-martinez-angulo-del-colegio-alazne-ikastetxea-de-barakaldo-biskaia-guanya-lxi-premi-marcel%c2%b7li-garriga-de-fotografia-2025\/#primaryimage\"},\"thumbnailUrl\":\"https:\/\/amical-buchenwald.org\/wp-content\/uploads\/2025\/05\/para-no-olvidar.foto-1-premi-MG.jpg\",\"datePublished\":\"2025-05-18T17:04:39+00:00\",\"dateModified\":\"2025-05-18T17:12:59+00:00\",\"author\":{\"@id\":\"https:\/\/amical-buchenwald.org\/#\/schema\/person\/c9bab2aa9c8bb733e898235936fe9aa7\"},\"breadcrumb\":{\"@id\":\"https:\/\/amical-buchenwald.org\/es\/miren-martinez-angulo-del-colegio-alazne-ikastetxea-de-barakaldo-biskaia-guanya-lxi-premi-marcel%c2%b7li-garriga-de-fotografia-2025\/#breadcrumb\"},\"inLanguage\":\"es\",\"potentialAction\":[{\"@type\":\"ReadAction\",\"target\":[\"https:\/\/amical-buchenwald.org\/es\/miren-martinez-angulo-del-colegio-alazne-ikastetxea-de-barakaldo-biskaia-guanya-lxi-premi-marcel%c2%b7li-garriga-de-fotografia-2025\/\"]}]},{\"@type\":\"ImageObject\",\"inLanguage\":\"es\",\"@id\":\"https:\/\/amical-buchenwald.org\/es\/miren-martinez-angulo-del-colegio-alazne-ikastetxea-de-barakaldo-biskaia-guanya-lxi-premi-marcel%c2%b7li-garriga-de-fotografia-2025\/#primaryimage\",\"url\":\"https:\/\/amical-buchenwald.org\/wp-content\/uploads\/2025\/05\/para-no-olvidar.foto-1-premi-MG.jpg\",\"contentUrl\":\"https:\/\/amical-buchenwald.org\/wp-content\/uploads\/2025\/05\/para-no-olvidar.foto-1-premi-MG.jpg\",\"width\":1152,\"height\":2048},{\"@type\":\"BreadcrumbList\",\"@id\":\"https:\/\/amical-buchenwald.org\/es\/miren-martinez-angulo-del-colegio-alazne-ikastetxea-de-barakaldo-biskaia-guanya-lxi-premi-marcel%c2%b7li-garriga-de-fotografia-2025\/#breadcrumb\",\"itemListElement\":[{\"@type\":\"ListItem\",\"position\":1,\"name\":\"Inici\",\"item\":\"https:\/\/amical-buchenwald.org\/es\/\"},{\"@type\":\"ListItem\",\"position\":2,\"name\":\"MIREN MARTINEZ ANGULO DEL COLEGIO ALAZNE IKASTETXEA DE BARAKALDO (BIZKAIA) GANA EL XI PREMI \u201cMARCEL\u00b7L\u00cd GARRIGA\u201d DE FOTOGRAFIA 2025\"}]},{\"@type\":\"WebSite\",\"@id\":\"https:\/\/amical-buchenwald.org\/#website\",\"url\":\"https:\/\/amical-buchenwald.org\/\",\"name\":\"Amical de Buchenwald\",\"description\":\"\",\"potentialAction\":[{\"@type\":\"SearchAction\",\"target\":{\"@type\":\"EntryPoint\",\"urlTemplate\":\"https:\/\/amical-buchenwald.org\/?s={search_term_string}\"},\"query-input\":{\"@type\":\"PropertyValueSpecification\",\"valueRequired\":true,\"valueName\":\"search_term_string\"}}],\"inLanguage\":\"es\"},{\"@type\":\"Person\",\"@id\":\"https:\/\/amical-buchenwald.org\/#\/schema\/person\/c9bab2aa9c8bb733e898235936fe9aa7\",\"name\":\"Administrador\",\"image\":{\"@type\":\"ImageObject\",\"inLanguage\":\"es\",\"@id\":\"https:\/\/amical-buchenwald.org\/#\/schema\/person\/image\/\",\"url\":\"https:\/\/secure.gravatar.com\/avatar\/62782f0fcb027dfe28798440b5f171b1?s=96&d=mm&r=g\",\"contentUrl\":\"https:\/\/secure.gravatar.com\/avatar\/62782f0fcb027dfe28798440b5f171b1?s=96&d=mm&r=g\",\"caption\":\"Administrador\"},\"url\":\"https:\/\/amical-buchenwald.org\/es\/author\/adm-buchenwald2025\/\"}]}<\/script>\n<!-- \/ Yoast SEO plugin. -->","yoast_head_json":{"title":"MIREN MARTINEZ ANGULO DEL COLEGIO ALAZNE IKASTETXEA DE BARAKALDO (BIZKAIA) GANA EL XI PREMI \u201cMARCEL\u00b7L\u00cd GARRIGA\u201d DE FOTOGRAFIA 2025 - Amical de Buchenwald","robots":{"index":"index","follow":"follow","max-snippet":"max-snippet:-1","max-image-preview":"max-image-preview:large","max-video-preview":"max-video-preview:-1"},"canonical":"https:\/\/amical-buchenwald.org\/es\/miren-martinez-angulo-del-colegio-alazne-ikastetxea-de-barakaldo-biskaia-guanya-lxi-premi-marcel\u00b7li-garriga-de-fotografia-2025\/","og_locale":"es_ES","og_type":"article","og_title":"MIREN MARTINEZ ANGULO DEL COLEGIO ALAZNE IKASTETXEA DE BARAKALDO (BIZKAIA) GANA EL XI PREMI \u201cMARCEL\u00b7L\u00cd GARRIGA\u201d DE FOTOGRAFIA 2025 - Amical de Buchenwald","og_description":"MIREN MARTINEZ ANGULO DEL COLEGIO ALAZNE IKASTETXEA DE BARAKALDO (BISKAIA) GANA EL XI PREMIO \u201cMARCEL\u00b7L\u00cd GARRIGA\u201d DE FOTOGRAFIA 2025 \u00abLos Campos de concentraci\u00f3n: la mirada de la juventud\u201d La joven alumna de la Escuela Alazne del Pa\u00eds Vasco, ha resultado la ganadora de esta und\u00e9cima edici\u00f3n del Premio Marcel.l\u00ed Garriga de fotograf\u00eda de los campos. [&hellip;]","og_url":"https:\/\/amical-buchenwald.org\/es\/miren-martinez-angulo-del-colegio-alazne-ikastetxea-de-barakaldo-biskaia-guanya-lxi-premi-marcel\u00b7li-garriga-de-fotografia-2025\/","og_site_name":"Amical de Buchenwald","article_published_time":"2025-05-18T17:04:39+00:00","article_modified_time":"2025-05-18T17:12:59+00:00","og_image":[{"width":1152,"height":2048,"url":"http:\/\/amical-buchenwald.org\/wp-content\/uploads\/2025\/05\/para-no-olvidar.foto-1-premi-MG.jpg","type":"image\/jpeg"}],"author":"Administrador","twitter_card":"summary_large_image","twitter_misc":{"Escrito por":"Administrador","Tiempo de lectura":"2 minutos"},"schema":{"@context":"https:\/\/schema.org","@graph":[{"@type":"WebPage","@id":"https:\/\/amical-buchenwald.org\/es\/miren-martinez-angulo-del-colegio-alazne-ikastetxea-de-barakaldo-biskaia-guanya-lxi-premi-marcel%c2%b7li-garriga-de-fotografia-2025\/","url":"https:\/\/amical-buchenwald.org\/es\/miren-martinez-angulo-del-colegio-alazne-ikastetxea-de-barakaldo-biskaia-guanya-lxi-premi-marcel%c2%b7li-garriga-de-fotografia-2025\/","name":"MIREN MARTINEZ ANGULO DEL COLEGIO ALAZNE IKASTETXEA DE BARAKALDO (BIZKAIA) GANA EL XI PREMI \u201cMARCEL\u00b7L\u00cd GARRIGA\u201d DE FOTOGRAFIA 2025 - Amical de Buchenwald","isPartOf":{"@id":"https:\/\/amical-buchenwald.org\/#website"},"primaryImageOfPage":{"@id":"https:\/\/amical-buchenwald.org\/es\/miren-martinez-angulo-del-colegio-alazne-ikastetxea-de-barakaldo-biskaia-guanya-lxi-premi-marcel%c2%b7li-garriga-de-fotografia-2025\/#primaryimage"},"image":{"@id":"https:\/\/amical-buchenwald.org\/es\/miren-martinez-angulo-del-colegio-alazne-ikastetxea-de-barakaldo-biskaia-guanya-lxi-premi-marcel%c2%b7li-garriga-de-fotografia-2025\/#primaryimage"},"thumbnailUrl":"https:\/\/amical-buchenwald.org\/wp-content\/uploads\/2025\/05\/para-no-olvidar.foto-1-premi-MG.jpg","datePublished":"2025-05-18T17:04:39+00:00","dateModified":"2025-05-18T17:12:59+00:00","author":{"@id":"https:\/\/amical-buchenwald.org\/#\/schema\/person\/c9bab2aa9c8bb733e898235936fe9aa7"},"breadcrumb":{"@id":"https:\/\/amical-buchenwald.org\/es\/miren-martinez-angulo-del-colegio-alazne-ikastetxea-de-barakaldo-biskaia-guanya-lxi-premi-marcel%c2%b7li-garriga-de-fotografia-2025\/#breadcrumb"},"inLanguage":"es","potentialAction":[{"@type":"ReadAction","target":["https:\/\/amical-buchenwald.org\/es\/miren-martinez-angulo-del-colegio-alazne-ikastetxea-de-barakaldo-biskaia-guanya-lxi-premi-marcel%c2%b7li-garriga-de-fotografia-2025\/"]}]},{"@type":"ImageObject","inLanguage":"es","@id":"https:\/\/amical-buchenwald.org\/es\/miren-martinez-angulo-del-colegio-alazne-ikastetxea-de-barakaldo-biskaia-guanya-lxi-premi-marcel%c2%b7li-garriga-de-fotografia-2025\/#primaryimage","url":"https:\/\/amical-buchenwald.org\/wp-content\/uploads\/2025\/05\/para-no-olvidar.foto-1-premi-MG.jpg","contentUrl":"https:\/\/amical-buchenwald.org\/wp-content\/uploads\/2025\/05\/para-no-olvidar.foto-1-premi-MG.jpg","width":1152,"height":2048},{"@type":"BreadcrumbList","@id":"https:\/\/amical-buchenwald.org\/es\/miren-martinez-angulo-del-colegio-alazne-ikastetxea-de-barakaldo-biskaia-guanya-lxi-premi-marcel%c2%b7li-garriga-de-fotografia-2025\/#breadcrumb","itemListElement":[{"@type":"ListItem","position":1,"name":"Inici","item":"https:\/\/amical-buchenwald.org\/es\/"},{"@type":"ListItem","position":2,"name":"MIREN MARTINEZ ANGULO DEL COLEGIO ALAZNE IKASTETXEA DE BARAKALDO (BIZKAIA) GANA EL XI PREMI \u201cMARCEL\u00b7L\u00cd GARRIGA\u201d DE FOTOGRAFIA 2025"}]},{"@type":"WebSite","@id":"https:\/\/amical-buchenwald.org\/#website","url":"https:\/\/amical-buchenwald.org\/","name":"Amical de Buchenwald","description":"","potentialAction":[{"@type":"SearchAction","target":{"@type":"EntryPoint","urlTemplate":"https:\/\/amical-buchenwald.org\/?s={search_term_string}"},"query-input":{"@type":"PropertyValueSpecification","valueRequired":true,"valueName":"search_term_string"}}],"inLanguage":"es"},{"@type":"Person","@id":"https:\/\/amical-buchenwald.org\/#\/schema\/person\/c9bab2aa9c8bb733e898235936fe9aa7","name":"Administrador","image":{"@type":"ImageObject","inLanguage":"es","@id":"https:\/\/amical-buchenwald.org\/#\/schema\/person\/image\/","url":"https:\/\/secure.gravatar.com\/avatar\/62782f0fcb027dfe28798440b5f171b1?s=96&d=mm&r=g","contentUrl":"https:\/\/secure.gravatar.com\/avatar\/62782f0fcb027dfe28798440b5f171b1?s=96&d=mm&r=g","caption":"Administrador"},"url":"https:\/\/amical-buchenwald.org\/es\/author\/adm-buchenwald2025\/"}]}},"_links":{"self":[{"href":"https:\/\/amical-buchenwald.org\/es\/wp-json\/wp\/v2\/posts\/1674","targetHints":{"allow":["GET"]}}],"collection":[{"href":"https:\/\/amical-buchenwald.org\/es\/wp-json\/wp\/v2\/posts"}],"about":[{"href":"https:\/\/amical-buchenwald.org\/es\/wp-json\/wp\/v2\/types\/post"}],"author":[{"embeddable":true,"href":"https:\/\/amical-buchenwald.org\/es\/wp-json\/wp\/v2\/users\/7"}],"replies":[{"embeddable":true,"href":"https:\/\/amical-buchenwald.org\/es\/wp-json\/wp\/v2\/comments?post=1674"}],"version-history":[{"count":4,"href":"https:\/\/amical-buchenwald.org\/es\/wp-json\/wp\/v2\/posts\/1674\/revisions"}],"predecessor-version":[{"id":1678,"href":"https:\/\/amical-buchenwald.org\/es\/wp-json\/wp\/v2\/posts\/1674\/revisions\/1678"}],"wp:featuredmedia":[{"embeddable":true,"href":"https:\/\/amical-buchenwald.org\/es\/wp-json\/wp\/v2\/media\/1671"}],"wp:attachment":[{"href":"https:\/\/amical-buchenwald.org\/es\/wp-json\/wp\/v2\/media?parent=1674"}],"wp:term":[{"taxonomy":"category","embeddable":true,"href":"https:\/\/amical-buchenwald.org\/es\/wp-json\/wp\/v2\/categories?post=1674"},{"taxonomy":"post_tag","embeddable":true,"href":"https:\/\/amical-buchenwald.org\/es\/wp-json\/wp\/v2\/tags?post=1674"}],"curies":[{"name":"wp","href":"https:\/\/api.w.org\/{rel}","templated":true}]}}