{"id":1663,"date":"2025-05-18T16:56:41","date_gmt":"2025-05-18T16:56:41","guid":{"rendered":"https:\/\/amical-buchenwald.org\/mes-dun-centenar-de-joves-al-i-encontre-juvenil-de-memoria-del-grup-demd-garraf-penedes\/"},"modified":"2025-05-18T17:02:00","modified_gmt":"2025-05-18T17:02:00","slug":"mes-dun-centenar-de-joves-al-i-encontre-juvenil-de-memoria-del-grup-demd-garraf-penedes","status":"publish","type":"post","link":"https:\/\/amical-buchenwald.org\/es\/mes-dun-centenar-de-joves-al-i-encontre-juvenil-de-memoria-del-grup-demd-garraf-penedes\/","title":{"rendered":"M\u00c1S DE UN CENTENAR DE JOVENES EN EL \u201cI ENCUENTRO JUVENIL DE MEMORIA DEL GRUPO DEMD GARRAF PENED\u00c9S\u201d"},"content":{"rendered":"<p align=\"justify\"><span style=\"font-family: Arial, sans-serif;\"><span style=\"font-size: medium;\"><span lang=\"ca-ES\"><b>M\u00c1S DE UN CENTENAR DE JOVENES DE CENTROS EDUCATIVOS DEL GARRAF Y EL PENED\u00c9S SE ENCUENTRAN EN VILANOVA EN EL \u201cI ENCUENTRO JUVENIL DE MEMORIA DEL GRUPO DEMD GARRAF PENED\u00c9S\u201d PARA HACER MEMORIA Y REFLEXIONAR SOBRE SU PAPEL EN LA LUCHA ANTIFASCISTA<\/b><\/span><\/span><\/span><\/p>\n<p align=\"justify\"><span style=\"font-family: Arial, sans-serif;\"><span style=\"font-size: medium;\"><span lang=\"es-ES-u-co-trad\"><b>Un primer encuentro que ha tenido lugar en el Centro C\u00edvico de la Geltr\u00fa de Vilanova i la Geltr\u00fa, este viernes 16 de mayo por la ma\u00f1ana, y donde han participado alumnos de ESO y de Bachillerato de los INS Dolors Mallafr\u00e9 y Escola el CIM de Vilanova, INS Alexandre Gal\u00ed de Sant Pere de Ribes, INS Cubelles de Cubelles e INS Eugeni d\u2019Ors de Vilafranca del Pened\u00e8s.<\/b><\/span><\/span><\/span><\/p>\n<p align=\"justify\"><span style=\"font-family: Arial, sans-serif;\"><span style=\"font-size: medium;\"><span lang=\"es-ES-u-co-trad\">Este primer encuentro de alumnado de los grupos DEMD, integrantes del Proyecto Buchenwald \u2013 Grupo DEMD Garraf Pened\u00e8s, ha sido impulsado por el Grupo DEMD y la Amical de Buchenwald y ha representado un paso m\u00e1s en la larga labor de tantos a\u00f1os, de este proyecto de memoria, antifascismo, cultura de paz y Derechos Humanos que se viene desarrollando en este territorio. Un proyecto que cuenta con el apoyo del CRP del Garraf y del Departamento de Educaci\u00f3n de la Generalitat y el Memorial Democr\u00e1tico.<\/span><\/span><\/span><\/p>\n<p align=\"justify\"><span style=\"font-family: Arial, sans-serif;\"><span style=\"font-size: medium;\"><span lang=\"es-ES-u-co-trad\">Este encuentro de j\u00f3venes, del alumnado de los centros de los grupos DEMD, ha permitido hacer un interesante intercambio de experiencias, de proyectos y de estrategias para abordar la tem\u00e1tica de la memoria hist\u00f3rica dentro de los centros, pero tambi\u00e9n un importante espacio de reflexi\u00f3n y debate sobre el papel de los j\u00f3venes en la defensa de la memoria del Holocausto y la deportaci\u00f3n, y un productivo debate sobre el posicionamiento de la juventud y el trabajo educativo en las aulas.<\/span><\/span><\/span><\/p>\n<p align=\"justify\"><span style=\"font-family: Arial, sans-serif;\"><span style=\"font-size: medium;\"><span lang=\"es-ES-u-co-trad\">Este primer encuentro tambi\u00e9n ha servido asimismo, para mostrar los trabajos ganadores del tradicional premio Marcel\u00b7l\u00ed Garriga de fotograf\u00eda de los campos de los 10 a\u00f1os anteriores, y hacer p\u00fablico el nombre de la ganadora de este a\u00f1o, un XI premio que ha ido a manos de la joven Miren Mart\u00ednez, del Colegio Alazne Ikastetxea de Barakaldo (Biskaia)<\/span><\/span><\/span><\/p>\n<p align=\"justify\"><span style=\"font-family: Arial, sans-serif;\"><span style=\"font-size: medium;\"><span lang=\"es-ES-u-co-trad\">Vilanova i la Geltr\u00fa 16 de mayo de 2025<\/span><\/span><\/span><\/p>\n","protected":false},"excerpt":{"rendered":"<p>M\u00c1S DE UN CENTENAR DE JOVENES DE CENTROS EDUCATIVOS DEL GARRAF Y EL PENED\u00c9S SE ENCUENTRAN EN VILANOVA EN EL \u201cI ENCUENTRO JUVENIL DE MEMORIA DEL GRUPO DEMD GARRAF PENED\u00c9S\u201d PARA HACER MEMORIA Y REFLEXIONAR SOBRE SU PAPEL EN LA LUCHA ANTIFASCISTA Un primer encuentro que ha tenido lugar en el Centro C\u00edvico de la [&hellip;]<\/p>\n","protected":false},"author":7,"featured_media":1657,"comment_status":"open","ping_status":"open","sticky":false,"template":"","format":"standard","meta":{"_acf_changed":false,"footnotes":""},"categories":[11],"tags":[],"class_list":["post-1663","post","type-post","status-publish","format-standard","has-post-thumbnail","hentry","category-noticias"],"acf":[],"yoast_head":"<!-- This site is optimized with the Yoast SEO plugin v26.6 - https:\/\/yoast.com\/wordpress\/plugins\/seo\/ -->\n<title>M\u00c1S DE UN CENTENAR DE JOVENES EN EL \u201cI ENCUENTRO JUVENIL DE MEMORIA DEL GRUPO DEMD GARRAF PENED\u00c9S\u201d - Amical de Buchenwald<\/title>\n<meta name=\"robots\" content=\"index, follow, max-snippet:-1, max-image-preview:large, max-video-preview:-1\" \/>\n<link rel=\"canonical\" href=\"https:\/\/amical-buchenwald.org\/es\/mes-dun-centenar-de-joves-al-i-encontre-juvenil-de-memoria-del-grup-demd-garraf-penedes\/\" \/>\n<meta property=\"og:locale\" content=\"es_ES\" \/>\n<meta property=\"og:type\" content=\"article\" \/>\n<meta property=\"og:title\" content=\"M\u00c1S DE UN CENTENAR DE JOVENES EN EL \u201cI ENCUENTRO JUVENIL DE MEMORIA DEL GRUPO DEMD GARRAF PENED\u00c9S\u201d - Amical de Buchenwald\" \/>\n<meta property=\"og:description\" content=\"M\u00c1S DE UN CENTENAR DE JOVENES DE CENTROS EDUCATIVOS DEL GARRAF Y EL PENED\u00c9S SE ENCUENTRAN EN VILANOVA EN EL \u201cI ENCUENTRO JUVENIL DE MEMORIA DEL GRUPO DEMD GARRAF PENED\u00c9S\u201d PARA HACER MEMORIA Y REFLEXIONAR SOBRE SU PAPEL EN LA LUCHA ANTIFASCISTA Un primer encuentro que ha tenido lugar en el Centro C\u00edvico de la [&hellip;]\" \/>\n<meta property=\"og:url\" content=\"https:\/\/amical-buchenwald.org\/es\/mes-dun-centenar-de-joves-al-i-encontre-juvenil-de-memoria-del-grup-demd-garraf-penedes\/\" \/>\n<meta property=\"og:site_name\" content=\"Amical de Buchenwald\" \/>\n<meta property=\"article:published_time\" content=\"2025-05-18T16:56:41+00:00\" \/>\n<meta property=\"article:modified_time\" content=\"2025-05-18T17:02:00+00:00\" \/>\n<meta property=\"og:image\" content=\"http:\/\/amical-buchenwald.org\/wp-content\/uploads\/2025\/05\/foto-1-encontre-joves.jpg\" \/>\n\t<meta property=\"og:image:width\" content=\"2048\" \/>\n\t<meta property=\"og:image:height\" content=\"1155\" \/>\n\t<meta property=\"og:image:type\" content=\"image\/jpeg\" \/>\n<meta name=\"author\" content=\"Administrador\" \/>\n<meta name=\"twitter:card\" content=\"summary_large_image\" \/>\n<meta name=\"twitter:label1\" content=\"Escrito por\" \/>\n\t<meta name=\"twitter:data1\" content=\"Administrador\" \/>\n\t<meta name=\"twitter:label2\" content=\"Tiempo de lectura\" \/>\n\t<meta name=\"twitter:data2\" content=\"3 minutos\" \/>\n<script type=\"application\/ld+json\" class=\"yoast-schema-graph\">{\"@context\":\"https:\/\/schema.org\",\"@graph\":[{\"@type\":\"WebPage\",\"@id\":\"https:\/\/amical-buchenwald.org\/es\/mes-dun-centenar-de-joves-al-i-encontre-juvenil-de-memoria-del-grup-demd-garraf-penedes\/\",\"url\":\"https:\/\/amical-buchenwald.org\/es\/mes-dun-centenar-de-joves-al-i-encontre-juvenil-de-memoria-del-grup-demd-garraf-penedes\/\",\"name\":\"M\u00c1S DE UN CENTENAR DE JOVENES EN EL \u201cI ENCUENTRO JUVENIL DE MEMORIA DEL GRUPO DEMD GARRAF PENED\u00c9S\u201d - Amical de Buchenwald\",\"isPartOf\":{\"@id\":\"https:\/\/amical-buchenwald.org\/#website\"},\"primaryImageOfPage\":{\"@id\":\"https:\/\/amical-buchenwald.org\/es\/mes-dun-centenar-de-joves-al-i-encontre-juvenil-de-memoria-del-grup-demd-garraf-penedes\/#primaryimage\"},\"image\":{\"@id\":\"https:\/\/amical-buchenwald.org\/es\/mes-dun-centenar-de-joves-al-i-encontre-juvenil-de-memoria-del-grup-demd-garraf-penedes\/#primaryimage\"},\"thumbnailUrl\":\"https:\/\/amical-buchenwald.org\/wp-content\/uploads\/2025\/05\/foto-1-encontre-joves.jpg\",\"datePublished\":\"2025-05-18T16:56:41+00:00\",\"dateModified\":\"2025-05-18T17:02:00+00:00\",\"author\":{\"@id\":\"https:\/\/amical-buchenwald.org\/#\/schema\/person\/c9bab2aa9c8bb733e898235936fe9aa7\"},\"breadcrumb\":{\"@id\":\"https:\/\/amical-buchenwald.org\/es\/mes-dun-centenar-de-joves-al-i-encontre-juvenil-de-memoria-del-grup-demd-garraf-penedes\/#breadcrumb\"},\"inLanguage\":\"es\",\"potentialAction\":[{\"@type\":\"ReadAction\",\"target\":[\"https:\/\/amical-buchenwald.org\/es\/mes-dun-centenar-de-joves-al-i-encontre-juvenil-de-memoria-del-grup-demd-garraf-penedes\/\"]}]},{\"@type\":\"ImageObject\",\"inLanguage\":\"es\",\"@id\":\"https:\/\/amical-buchenwald.org\/es\/mes-dun-centenar-de-joves-al-i-encontre-juvenil-de-memoria-del-grup-demd-garraf-penedes\/#primaryimage\",\"url\":\"https:\/\/amical-buchenwald.org\/wp-content\/uploads\/2025\/05\/foto-1-encontre-joves.jpg\",\"contentUrl\":\"https:\/\/amical-buchenwald.org\/wp-content\/uploads\/2025\/05\/foto-1-encontre-joves.jpg\",\"width\":2048,\"height\":1155},{\"@type\":\"BreadcrumbList\",\"@id\":\"https:\/\/amical-buchenwald.org\/es\/mes-dun-centenar-de-joves-al-i-encontre-juvenil-de-memoria-del-grup-demd-garraf-penedes\/#breadcrumb\",\"itemListElement\":[{\"@type\":\"ListItem\",\"position\":1,\"name\":\"Inici\",\"item\":\"https:\/\/amical-buchenwald.org\/es\/\"},{\"@type\":\"ListItem\",\"position\":2,\"name\":\"M\u00c1S DE UN CENTENAR DE JOVENES EN EL \u201cI ENCUENTRO JUVENIL DE MEMORIA DEL GRUPO DEMD GARRAF PENED\u00c9S\u201d\"}]},{\"@type\":\"WebSite\",\"@id\":\"https:\/\/amical-buchenwald.org\/#website\",\"url\":\"https:\/\/amical-buchenwald.org\/\",\"name\":\"Amical de Buchenwald\",\"description\":\"\",\"potentialAction\":[{\"@type\":\"SearchAction\",\"target\":{\"@type\":\"EntryPoint\",\"urlTemplate\":\"https:\/\/amical-buchenwald.org\/?s={search_term_string}\"},\"query-input\":{\"@type\":\"PropertyValueSpecification\",\"valueRequired\":true,\"valueName\":\"search_term_string\"}}],\"inLanguage\":\"es\"},{\"@type\":\"Person\",\"@id\":\"https:\/\/amical-buchenwald.org\/#\/schema\/person\/c9bab2aa9c8bb733e898235936fe9aa7\",\"name\":\"Administrador\",\"image\":{\"@type\":\"ImageObject\",\"inLanguage\":\"es\",\"@id\":\"https:\/\/amical-buchenwald.org\/#\/schema\/person\/image\/\",\"url\":\"https:\/\/secure.gravatar.com\/avatar\/62782f0fcb027dfe28798440b5f171b1?s=96&d=mm&r=g\",\"contentUrl\":\"https:\/\/secure.gravatar.com\/avatar\/62782f0fcb027dfe28798440b5f171b1?s=96&d=mm&r=g\",\"caption\":\"Administrador\"},\"url\":\"https:\/\/amical-buchenwald.org\/es\/author\/adm-buchenwald2025\/\"}]}<\/script>\n<!-- \/ Yoast SEO plugin. -->","yoast_head_json":{"title":"M\u00c1S DE UN CENTENAR DE JOVENES EN EL \u201cI ENCUENTRO JUVENIL DE MEMORIA DEL GRUPO DEMD GARRAF PENED\u00c9S\u201d - Amical de Buchenwald","robots":{"index":"index","follow":"follow","max-snippet":"max-snippet:-1","max-image-preview":"max-image-preview:large","max-video-preview":"max-video-preview:-1"},"canonical":"https:\/\/amical-buchenwald.org\/es\/mes-dun-centenar-de-joves-al-i-encontre-juvenil-de-memoria-del-grup-demd-garraf-penedes\/","og_locale":"es_ES","og_type":"article","og_title":"M\u00c1S DE UN CENTENAR DE JOVENES EN EL \u201cI ENCUENTRO JUVENIL DE MEMORIA DEL GRUPO DEMD GARRAF PENED\u00c9S\u201d - Amical de Buchenwald","og_description":"M\u00c1S DE UN CENTENAR DE JOVENES DE CENTROS EDUCATIVOS DEL GARRAF Y EL PENED\u00c9S SE ENCUENTRAN EN VILANOVA EN EL \u201cI ENCUENTRO JUVENIL DE MEMORIA DEL GRUPO DEMD GARRAF PENED\u00c9S\u201d PARA HACER MEMORIA Y REFLEXIONAR SOBRE SU PAPEL EN LA LUCHA ANTIFASCISTA Un primer encuentro que ha tenido lugar en el Centro C\u00edvico de la [&hellip;]","og_url":"https:\/\/amical-buchenwald.org\/es\/mes-dun-centenar-de-joves-al-i-encontre-juvenil-de-memoria-del-grup-demd-garraf-penedes\/","og_site_name":"Amical de Buchenwald","article_published_time":"2025-05-18T16:56:41+00:00","article_modified_time":"2025-05-18T17:02:00+00:00","og_image":[{"width":2048,"height":1155,"url":"http:\/\/amical-buchenwald.org\/wp-content\/uploads\/2025\/05\/foto-1-encontre-joves.jpg","type":"image\/jpeg"}],"author":"Administrador","twitter_card":"summary_large_image","twitter_misc":{"Escrito por":"Administrador","Tiempo de lectura":"3 minutos"},"schema":{"@context":"https:\/\/schema.org","@graph":[{"@type":"WebPage","@id":"https:\/\/amical-buchenwald.org\/es\/mes-dun-centenar-de-joves-al-i-encontre-juvenil-de-memoria-del-grup-demd-garraf-penedes\/","url":"https:\/\/amical-buchenwald.org\/es\/mes-dun-centenar-de-joves-al-i-encontre-juvenil-de-memoria-del-grup-demd-garraf-penedes\/","name":"M\u00c1S DE UN CENTENAR DE JOVENES EN EL \u201cI ENCUENTRO JUVENIL DE MEMORIA DEL GRUPO DEMD GARRAF PENED\u00c9S\u201d - Amical de Buchenwald","isPartOf":{"@id":"https:\/\/amical-buchenwald.org\/#website"},"primaryImageOfPage":{"@id":"https:\/\/amical-buchenwald.org\/es\/mes-dun-centenar-de-joves-al-i-encontre-juvenil-de-memoria-del-grup-demd-garraf-penedes\/#primaryimage"},"image":{"@id":"https:\/\/amical-buchenwald.org\/es\/mes-dun-centenar-de-joves-al-i-encontre-juvenil-de-memoria-del-grup-demd-garraf-penedes\/#primaryimage"},"thumbnailUrl":"https:\/\/amical-buchenwald.org\/wp-content\/uploads\/2025\/05\/foto-1-encontre-joves.jpg","datePublished":"2025-05-18T16:56:41+00:00","dateModified":"2025-05-18T17:02:00+00:00","author":{"@id":"https:\/\/amical-buchenwald.org\/#\/schema\/person\/c9bab2aa9c8bb733e898235936fe9aa7"},"breadcrumb":{"@id":"https:\/\/amical-buchenwald.org\/es\/mes-dun-centenar-de-joves-al-i-encontre-juvenil-de-memoria-del-grup-demd-garraf-penedes\/#breadcrumb"},"inLanguage":"es","potentialAction":[{"@type":"ReadAction","target":["https:\/\/amical-buchenwald.org\/es\/mes-dun-centenar-de-joves-al-i-encontre-juvenil-de-memoria-del-grup-demd-garraf-penedes\/"]}]},{"@type":"ImageObject","inLanguage":"es","@id":"https:\/\/amical-buchenwald.org\/es\/mes-dun-centenar-de-joves-al-i-encontre-juvenil-de-memoria-del-grup-demd-garraf-penedes\/#primaryimage","url":"https:\/\/amical-buchenwald.org\/wp-content\/uploads\/2025\/05\/foto-1-encontre-joves.jpg","contentUrl":"https:\/\/amical-buchenwald.org\/wp-content\/uploads\/2025\/05\/foto-1-encontre-joves.jpg","width":2048,"height":1155},{"@type":"BreadcrumbList","@id":"https:\/\/amical-buchenwald.org\/es\/mes-dun-centenar-de-joves-al-i-encontre-juvenil-de-memoria-del-grup-demd-garraf-penedes\/#breadcrumb","itemListElement":[{"@type":"ListItem","position":1,"name":"Inici","item":"https:\/\/amical-buchenwald.org\/es\/"},{"@type":"ListItem","position":2,"name":"M\u00c1S DE UN CENTENAR DE JOVENES EN EL \u201cI ENCUENTRO JUVENIL DE MEMORIA DEL GRUPO DEMD GARRAF PENED\u00c9S\u201d"}]},{"@type":"WebSite","@id":"https:\/\/amical-buchenwald.org\/#website","url":"https:\/\/amical-buchenwald.org\/","name":"Amical de Buchenwald","description":"","potentialAction":[{"@type":"SearchAction","target":{"@type":"EntryPoint","urlTemplate":"https:\/\/amical-buchenwald.org\/?s={search_term_string}"},"query-input":{"@type":"PropertyValueSpecification","valueRequired":true,"valueName":"search_term_string"}}],"inLanguage":"es"},{"@type":"Person","@id":"https:\/\/amical-buchenwald.org\/#\/schema\/person\/c9bab2aa9c8bb733e898235936fe9aa7","name":"Administrador","image":{"@type":"ImageObject","inLanguage":"es","@id":"https:\/\/amical-buchenwald.org\/#\/schema\/person\/image\/","url":"https:\/\/secure.gravatar.com\/avatar\/62782f0fcb027dfe28798440b5f171b1?s=96&d=mm&r=g","contentUrl":"https:\/\/secure.gravatar.com\/avatar\/62782f0fcb027dfe28798440b5f171b1?s=96&d=mm&r=g","caption":"Administrador"},"url":"https:\/\/amical-buchenwald.org\/es\/author\/adm-buchenwald2025\/"}]}},"_links":{"self":[{"href":"https:\/\/amical-buchenwald.org\/es\/wp-json\/wp\/v2\/posts\/1663","targetHints":{"allow":["GET"]}}],"collection":[{"href":"https:\/\/amical-buchenwald.org\/es\/wp-json\/wp\/v2\/posts"}],"about":[{"href":"https:\/\/amical-buchenwald.org\/es\/wp-json\/wp\/v2\/types\/post"}],"author":[{"embeddable":true,"href":"https:\/\/amical-buchenwald.org\/es\/wp-json\/wp\/v2\/users\/7"}],"replies":[{"embeddable":true,"href":"https:\/\/amical-buchenwald.org\/es\/wp-json\/wp\/v2\/comments?post=1663"}],"version-history":[{"count":2,"href":"https:\/\/amical-buchenwald.org\/es\/wp-json\/wp\/v2\/posts\/1663\/revisions"}],"predecessor-version":[{"id":1665,"href":"https:\/\/amical-buchenwald.org\/es\/wp-json\/wp\/v2\/posts\/1663\/revisions\/1665"}],"wp:featuredmedia":[{"embeddable":true,"href":"https:\/\/amical-buchenwald.org\/es\/wp-json\/wp\/v2\/media\/1657"}],"wp:attachment":[{"href":"https:\/\/amical-buchenwald.org\/es\/wp-json\/wp\/v2\/media?parent=1663"}],"wp:term":[{"taxonomy":"category","embeddable":true,"href":"https:\/\/amical-buchenwald.org\/es\/wp-json\/wp\/v2\/categories?post=1663"},{"taxonomy":"post_tag","embeddable":true,"href":"https:\/\/amical-buchenwald.org\/es\/wp-json\/wp\/v2\/tags?post=1663"}],"curies":[{"name":"wp","href":"https:\/\/api.w.org\/{rel}","templated":true}]}}