{"id":1578,"date":"2025-03-10T20:59:00","date_gmt":"2025-03-10T20:59:00","guid":{"rendered":"https:\/\/amical-buchenwald.org\/joves-joves-alumnes-de-6-centres-educatius-despanya-visitaran-weimar-i-buchenwald-del-3-al-8-dabril-amb-lamical-de-buchenwald\/"},"modified":"2025-03-10T21:06:43","modified_gmt":"2025-03-10T21:06:43","slug":"joves-joves-alumnes-de-6-centres-educatius-despanya-visitaran-weimar-i-buchenwald-del-3-al-8-dabril-amb-lamical-de-buchenwald","status":"publish","type":"post","link":"https:\/\/amical-buchenwald.org\/es\/joves-joves-alumnes-de-6-centres-educatius-despanya-visitaran-weimar-i-buchenwald-del-3-al-8-dabril-amb-lamical-de-buchenwald\/","title":{"rendered":"J\u00d3VENES ALUMNOS y ALUMNAS DE 6 CENTROS EDUCATIVOS DE ESPA\u00d1A VISITARAN WEIMAR Y BUCHENWALD, DEL 3 AL 8 DE ABRIL, CON LA AMICAL DE BUCHENWALD"},"content":{"rendered":"<p class=\"western\" lang=\"ca-ES\" align=\"justify\"><span style=\"font-family: Arial, sans-serif;\">.<\/span><\/p>\n<p class=\"western\" lang=\"ca-ES\" align=\"justify\"><span style=\"font-family: Arial, sans-serif;\"><span lang=\"es-ES-u-co-trad\">Este a\u00f1o 2025 se conmemora el 80 aniversario de la liberaci\u00f3n de los campos nazis. Y por eso durante este a\u00f1o los diferentes espacios de terror y represi\u00f3n del nacionalsocialismo vivir\u00e1n importantes y emotivos actos internacionales e institucionales en torno a las diferentes fechas de las liberaciones.<\/span><\/span><\/p>\n<p class=\"western\" lang=\"es-ES-u-co-trad\" align=\"justify\"><span style=\"font-family: Arial, sans-serif;\">\u00c9ste es el caso del campo de Buchenwald, que el domingo 6 de abril acoger\u00e1 la manifestaci\u00f3n de recuerdo y homenaje a las v\u00edctimas, pero tambi\u00e9n luchadores y resistentes antifascistas deportados por los nazis a Buchenwald ya sus subcampos.<\/span><\/p>\n<p class=\"western\" lang=\"ca-ES\" align=\"justify\"><span style=\"font-family: Arial, sans-serif;\"><span lang=\"es-ES-u-co-trad\">Este a\u00f1o el Amical de Buchenwald de Espa\u00f1a ya lleva meses trabajando en coordinaci\u00f3n con el Ministerio de Cultura de Espa\u00f1a, organizando un viaje en grupo de alumnos de diferentes centros educativos del pa\u00eds, y acompa\u00f1ados de un grupo de adultos, familiares y socios y socias del amical.<\/span><\/span><\/p>\n<p class=\"western\" lang=\"es-ES-u-co-trad\" align=\"justify\"><span style=\"font-family: Arial, sans-serif;\">Este viaje cuenta con la presencia y apoyo del ministro de cultura Ernest Urtasun, y del Instituto de Memoria de Navarra, de la embajada de Espa\u00f1a en Berl\u00edn y de la Generalitat de Catalunya.<\/span><\/p>\n<p class=\"western\" lang=\"ca-ES\" align=\"justify\"><span style=\"font-family: Arial, sans-serif;\"><span lang=\"es-ES-u-co-trad\">Los j\u00f3venes y adultos participar\u00e1n en los actos internacionales en el campo, y visitar\u00e1n la ciudad de Weimar, el subcampo de Dora, y todas las instalaciones hist\u00f3ricas del campo y la exposici\u00f3n permanente.<\/span><\/span><\/p>\n<p class=\"western\" lang=\"es-ES-u-co-trad\" align=\"justify\"><span style=\"font-family: Arial, sans-serif;\">Entre los muchos actos en los que los j\u00f3venes participar\u00e1n est\u00e1 la inauguraci\u00f3n de la exposici\u00f3n sobre Jorge Sempr\u00fan en el ayuntamiento de Weimar, y la plantaci\u00f3n de \u00e1rboles del proyecto \u201c1000 buchen\u201d, donde este a\u00f1o se plantar\u00e1 un \u00e1rbol en recuerdo del deportado republicano Jos\u00e9 Rubio, y dos en memoria de los deportados navarros en el Buchenwald.<\/span><\/p>\n<p class=\"western\" lang=\"ca-ES\" align=\"justify\"><span style=\"font-family: Arial, sans-serif;\"><span lang=\"es-ES-u-co-trad\">Los j\u00f3venes, de los centros educativos INS Bruguers de Gav\u00e0; INS Andreu Sempere de Alcoy, IES Arcipreste de Hita de Madrid, Colegio Alazne de Barakaldo, IES Iturrama de Pamplona, \u200b\u200be IES Marcas de Villena de Marcilla (Navarra), ser\u00e1n los encargados de leer un manifiesto en representaci\u00f3n de los j\u00f3venes europeos en el acto central en el appellplatz, y m\u00e1s tarde de leer el Juramento de Buchenwald en diferentes idiomas.<\/span><\/span><\/p>\n<p class=\"western\" lang=\"ca-ES\" align=\"justify\"><span style=\"font-family: Arial, sans-serif;\"><span lang=\"es-ES-u-co-trad\">Esta experiencia ser\u00e1 seguida por TVE, y el alumnado tiene tambi\u00e9n el encargo de realizar un material audiovisual para ayudar a la sensibilizaci\u00f3n y divulgaci\u00f3n de la memoria y la prevenci\u00f3n del fascismo.<\/span><\/span><\/p>\n<p class=\"western\" lang=\"ca-ES\" align=\"justify\">\n","protected":false},"excerpt":{"rendered":"<p>. Este a\u00f1o 2025 se conmemora el 80 aniversario de la liberaci\u00f3n de los campos nazis. Y por eso durante este a\u00f1o los diferentes espacios de terror y represi\u00f3n del nacionalsocialismo vivir\u00e1n importantes y emotivos actos internacionales e institucionales en torno a las diferentes fechas de las liberaciones. \u00c9ste es el caso del campo de [&hellip;]<\/p>\n","protected":false},"author":7,"featured_media":1570,"comment_status":"open","ping_status":"open","sticky":false,"template":"","format":"standard","meta":{"_acf_changed":false,"footnotes":""},"categories":[4,26,11],"tags":[],"class_list":["post-1578","post","type-post","status-publish","format-standard","has-post-thumbnail","hentry","category-actividades","category-agenda-es","category-noticias"],"acf":[],"yoast_head":"<!-- This site is optimized with the Yoast SEO plugin v26.6 - https:\/\/yoast.com\/wordpress\/plugins\/seo\/ -->\n<title>J\u00d3VENES ALUMNOS y ALUMNAS DE 6 CENTROS EDUCATIVOS DE ESPA\u00d1A VISITARAN WEIMAR Y BUCHENWALD, DEL 3 AL 8 DE ABRIL, CON LA AMICAL DE BUCHENWALD - Amical de Buchenwald<\/title>\n<meta name=\"robots\" content=\"index, follow, max-snippet:-1, max-image-preview:large, max-video-preview:-1\" \/>\n<link rel=\"canonical\" href=\"https:\/\/amical-buchenwald.org\/es\/joves-joves-alumnes-de-6-centres-educatius-despanya-visitaran-weimar-i-buchenwald-del-3-al-8-dabril-amb-lamical-de-buchenwald\/\" \/>\n<meta property=\"og:locale\" content=\"es_ES\" \/>\n<meta property=\"og:type\" content=\"article\" \/>\n<meta property=\"og:title\" content=\"J\u00d3VENES ALUMNOS y ALUMNAS DE 6 CENTROS EDUCATIVOS DE ESPA\u00d1A VISITARAN WEIMAR Y BUCHENWALD, DEL 3 AL 8 DE ABRIL, CON LA AMICAL DE BUCHENWALD - Amical de Buchenwald\" \/>\n<meta property=\"og:description\" content=\". Este a\u00f1o 2025 se conmemora el 80 aniversario de la liberaci\u00f3n de los campos nazis. Y por eso durante este a\u00f1o los diferentes espacios de terror y represi\u00f3n del nacionalsocialismo vivir\u00e1n importantes y emotivos actos internacionales e institucionales en torno a las diferentes fechas de las liberaciones. \u00c9ste es el caso del campo de [&hellip;]\" \/>\n<meta property=\"og:url\" content=\"https:\/\/amical-buchenwald.org\/es\/joves-joves-alumnes-de-6-centres-educatius-despanya-visitaran-weimar-i-buchenwald-del-3-al-8-dabril-amb-lamical-de-buchenwald\/\" \/>\n<meta property=\"og:site_name\" content=\"Amical de Buchenwald\" \/>\n<meta property=\"article:published_time\" content=\"2025-03-10T20:59:00+00:00\" \/>\n<meta property=\"article:modified_time\" content=\"2025-03-10T21:06:43+00:00\" \/>\n<meta property=\"og:image\" content=\"http:\/\/amical-buchenwald.org\/wp-content\/uploads\/2025\/03\/IMG_20240414_144649b.jpg\" \/>\n\t<meta property=\"og:image:width\" content=\"1197\" \/>\n\t<meta property=\"og:image:height\" content=\"898\" \/>\n\t<meta property=\"og:image:type\" content=\"image\/jpeg\" \/>\n<meta name=\"author\" content=\"Administrador\" \/>\n<meta name=\"twitter:card\" content=\"summary_large_image\" \/>\n<meta name=\"twitter:label1\" content=\"Escrito por\" \/>\n\t<meta name=\"twitter:data1\" content=\"Administrador\" \/>\n\t<meta name=\"twitter:label2\" content=\"Tiempo de lectura\" \/>\n\t<meta name=\"twitter:data2\" content=\"3 minutos\" \/>\n<script type=\"application\/ld+json\" class=\"yoast-schema-graph\">{\"@context\":\"https:\/\/schema.org\",\"@graph\":[{\"@type\":\"WebPage\",\"@id\":\"https:\/\/amical-buchenwald.org\/es\/joves-joves-alumnes-de-6-centres-educatius-despanya-visitaran-weimar-i-buchenwald-del-3-al-8-dabril-amb-lamical-de-buchenwald\/\",\"url\":\"https:\/\/amical-buchenwald.org\/es\/joves-joves-alumnes-de-6-centres-educatius-despanya-visitaran-weimar-i-buchenwald-del-3-al-8-dabril-amb-lamical-de-buchenwald\/\",\"name\":\"J\u00d3VENES ALUMNOS y ALUMNAS DE 6 CENTROS EDUCATIVOS DE ESPA\u00d1A VISITARAN WEIMAR Y BUCHENWALD, DEL 3 AL 8 DE ABRIL, CON LA AMICAL DE BUCHENWALD - Amical de Buchenwald\",\"isPartOf\":{\"@id\":\"https:\/\/amical-buchenwald.org\/#website\"},\"primaryImageOfPage\":{\"@id\":\"https:\/\/amical-buchenwald.org\/es\/joves-joves-alumnes-de-6-centres-educatius-despanya-visitaran-weimar-i-buchenwald-del-3-al-8-dabril-amb-lamical-de-buchenwald\/#primaryimage\"},\"image\":{\"@id\":\"https:\/\/amical-buchenwald.org\/es\/joves-joves-alumnes-de-6-centres-educatius-despanya-visitaran-weimar-i-buchenwald-del-3-al-8-dabril-amb-lamical-de-buchenwald\/#primaryimage\"},\"thumbnailUrl\":\"https:\/\/amical-buchenwald.org\/wp-content\/uploads\/2025\/03\/IMG_20240414_144649b.jpg\",\"datePublished\":\"2025-03-10T20:59:00+00:00\",\"dateModified\":\"2025-03-10T21:06:43+00:00\",\"author\":{\"@id\":\"https:\/\/amical-buchenwald.org\/#\/schema\/person\/c9bab2aa9c8bb733e898235936fe9aa7\"},\"breadcrumb\":{\"@id\":\"https:\/\/amical-buchenwald.org\/es\/joves-joves-alumnes-de-6-centres-educatius-despanya-visitaran-weimar-i-buchenwald-del-3-al-8-dabril-amb-lamical-de-buchenwald\/#breadcrumb\"},\"inLanguage\":\"es\",\"potentialAction\":[{\"@type\":\"ReadAction\",\"target\":[\"https:\/\/amical-buchenwald.org\/es\/joves-joves-alumnes-de-6-centres-educatius-despanya-visitaran-weimar-i-buchenwald-del-3-al-8-dabril-amb-lamical-de-buchenwald\/\"]}]},{\"@type\":\"ImageObject\",\"inLanguage\":\"es\",\"@id\":\"https:\/\/amical-buchenwald.org\/es\/joves-joves-alumnes-de-6-centres-educatius-despanya-visitaran-weimar-i-buchenwald-del-3-al-8-dabril-amb-lamical-de-buchenwald\/#primaryimage\",\"url\":\"https:\/\/amical-buchenwald.org\/wp-content\/uploads\/2025\/03\/IMG_20240414_144649b.jpg\",\"contentUrl\":\"https:\/\/amical-buchenwald.org\/wp-content\/uploads\/2025\/03\/IMG_20240414_144649b.jpg\",\"width\":1197,\"height\":898},{\"@type\":\"BreadcrumbList\",\"@id\":\"https:\/\/amical-buchenwald.org\/es\/joves-joves-alumnes-de-6-centres-educatius-despanya-visitaran-weimar-i-buchenwald-del-3-al-8-dabril-amb-lamical-de-buchenwald\/#breadcrumb\",\"itemListElement\":[{\"@type\":\"ListItem\",\"position\":1,\"name\":\"Inici\",\"item\":\"https:\/\/amical-buchenwald.org\/es\/\"},{\"@type\":\"ListItem\",\"position\":2,\"name\":\"J\u00d3VENES ALUMNOS y ALUMNAS DE 6 CENTROS EDUCATIVOS DE ESPA\u00d1A VISITARAN WEIMAR Y BUCHENWALD, DEL 3 AL 8 DE ABRIL, CON LA AMICAL DE BUCHENWALD\"}]},{\"@type\":\"WebSite\",\"@id\":\"https:\/\/amical-buchenwald.org\/#website\",\"url\":\"https:\/\/amical-buchenwald.org\/\",\"name\":\"Amical de Buchenwald\",\"description\":\"\",\"potentialAction\":[{\"@type\":\"SearchAction\",\"target\":{\"@type\":\"EntryPoint\",\"urlTemplate\":\"https:\/\/amical-buchenwald.org\/?s={search_term_string}\"},\"query-input\":{\"@type\":\"PropertyValueSpecification\",\"valueRequired\":true,\"valueName\":\"search_term_string\"}}],\"inLanguage\":\"es\"},{\"@type\":\"Person\",\"@id\":\"https:\/\/amical-buchenwald.org\/#\/schema\/person\/c9bab2aa9c8bb733e898235936fe9aa7\",\"name\":\"Administrador\",\"image\":{\"@type\":\"ImageObject\",\"inLanguage\":\"es\",\"@id\":\"https:\/\/amical-buchenwald.org\/#\/schema\/person\/image\/\",\"url\":\"https:\/\/secure.gravatar.com\/avatar\/62782f0fcb027dfe28798440b5f171b1?s=96&d=mm&r=g\",\"contentUrl\":\"https:\/\/secure.gravatar.com\/avatar\/62782f0fcb027dfe28798440b5f171b1?s=96&d=mm&r=g\",\"caption\":\"Administrador\"},\"url\":\"https:\/\/amical-buchenwald.org\/es\/author\/adm-buchenwald2025\/\"}]}<\/script>\n<!-- \/ Yoast SEO plugin. -->","yoast_head_json":{"title":"J\u00d3VENES ALUMNOS y ALUMNAS DE 6 CENTROS EDUCATIVOS DE ESPA\u00d1A VISITARAN WEIMAR Y BUCHENWALD, DEL 3 AL 8 DE ABRIL, CON LA AMICAL DE BUCHENWALD - Amical de Buchenwald","robots":{"index":"index","follow":"follow","max-snippet":"max-snippet:-1","max-image-preview":"max-image-preview:large","max-video-preview":"max-video-preview:-1"},"canonical":"https:\/\/amical-buchenwald.org\/es\/joves-joves-alumnes-de-6-centres-educatius-despanya-visitaran-weimar-i-buchenwald-del-3-al-8-dabril-amb-lamical-de-buchenwald\/","og_locale":"es_ES","og_type":"article","og_title":"J\u00d3VENES ALUMNOS y ALUMNAS DE 6 CENTROS EDUCATIVOS DE ESPA\u00d1A VISITARAN WEIMAR Y BUCHENWALD, DEL 3 AL 8 DE ABRIL, CON LA AMICAL DE BUCHENWALD - Amical de Buchenwald","og_description":". Este a\u00f1o 2025 se conmemora el 80 aniversario de la liberaci\u00f3n de los campos nazis. Y por eso durante este a\u00f1o los diferentes espacios de terror y represi\u00f3n del nacionalsocialismo vivir\u00e1n importantes y emotivos actos internacionales e institucionales en torno a las diferentes fechas de las liberaciones. \u00c9ste es el caso del campo de [&hellip;]","og_url":"https:\/\/amical-buchenwald.org\/es\/joves-joves-alumnes-de-6-centres-educatius-despanya-visitaran-weimar-i-buchenwald-del-3-al-8-dabril-amb-lamical-de-buchenwald\/","og_site_name":"Amical de Buchenwald","article_published_time":"2025-03-10T20:59:00+00:00","article_modified_time":"2025-03-10T21:06:43+00:00","og_image":[{"width":1197,"height":898,"url":"http:\/\/amical-buchenwald.org\/wp-content\/uploads\/2025\/03\/IMG_20240414_144649b.jpg","type":"image\/jpeg"}],"author":"Administrador","twitter_card":"summary_large_image","twitter_misc":{"Escrito por":"Administrador","Tiempo de lectura":"3 minutos"},"schema":{"@context":"https:\/\/schema.org","@graph":[{"@type":"WebPage","@id":"https:\/\/amical-buchenwald.org\/es\/joves-joves-alumnes-de-6-centres-educatius-despanya-visitaran-weimar-i-buchenwald-del-3-al-8-dabril-amb-lamical-de-buchenwald\/","url":"https:\/\/amical-buchenwald.org\/es\/joves-joves-alumnes-de-6-centres-educatius-despanya-visitaran-weimar-i-buchenwald-del-3-al-8-dabril-amb-lamical-de-buchenwald\/","name":"J\u00d3VENES ALUMNOS y ALUMNAS DE 6 CENTROS EDUCATIVOS DE ESPA\u00d1A VISITARAN WEIMAR Y BUCHENWALD, DEL 3 AL 8 DE ABRIL, CON LA AMICAL DE BUCHENWALD - Amical de Buchenwald","isPartOf":{"@id":"https:\/\/amical-buchenwald.org\/#website"},"primaryImageOfPage":{"@id":"https:\/\/amical-buchenwald.org\/es\/joves-joves-alumnes-de-6-centres-educatius-despanya-visitaran-weimar-i-buchenwald-del-3-al-8-dabril-amb-lamical-de-buchenwald\/#primaryimage"},"image":{"@id":"https:\/\/amical-buchenwald.org\/es\/joves-joves-alumnes-de-6-centres-educatius-despanya-visitaran-weimar-i-buchenwald-del-3-al-8-dabril-amb-lamical-de-buchenwald\/#primaryimage"},"thumbnailUrl":"https:\/\/amical-buchenwald.org\/wp-content\/uploads\/2025\/03\/IMG_20240414_144649b.jpg","datePublished":"2025-03-10T20:59:00+00:00","dateModified":"2025-03-10T21:06:43+00:00","author":{"@id":"https:\/\/amical-buchenwald.org\/#\/schema\/person\/c9bab2aa9c8bb733e898235936fe9aa7"},"breadcrumb":{"@id":"https:\/\/amical-buchenwald.org\/es\/joves-joves-alumnes-de-6-centres-educatius-despanya-visitaran-weimar-i-buchenwald-del-3-al-8-dabril-amb-lamical-de-buchenwald\/#breadcrumb"},"inLanguage":"es","potentialAction":[{"@type":"ReadAction","target":["https:\/\/amical-buchenwald.org\/es\/joves-joves-alumnes-de-6-centres-educatius-despanya-visitaran-weimar-i-buchenwald-del-3-al-8-dabril-amb-lamical-de-buchenwald\/"]}]},{"@type":"ImageObject","inLanguage":"es","@id":"https:\/\/amical-buchenwald.org\/es\/joves-joves-alumnes-de-6-centres-educatius-despanya-visitaran-weimar-i-buchenwald-del-3-al-8-dabril-amb-lamical-de-buchenwald\/#primaryimage","url":"https:\/\/amical-buchenwald.org\/wp-content\/uploads\/2025\/03\/IMG_20240414_144649b.jpg","contentUrl":"https:\/\/amical-buchenwald.org\/wp-content\/uploads\/2025\/03\/IMG_20240414_144649b.jpg","width":1197,"height":898},{"@type":"BreadcrumbList","@id":"https:\/\/amical-buchenwald.org\/es\/joves-joves-alumnes-de-6-centres-educatius-despanya-visitaran-weimar-i-buchenwald-del-3-al-8-dabril-amb-lamical-de-buchenwald\/#breadcrumb","itemListElement":[{"@type":"ListItem","position":1,"name":"Inici","item":"https:\/\/amical-buchenwald.org\/es\/"},{"@type":"ListItem","position":2,"name":"J\u00d3VENES ALUMNOS y ALUMNAS DE 6 CENTROS EDUCATIVOS DE ESPA\u00d1A VISITARAN WEIMAR Y BUCHENWALD, DEL 3 AL 8 DE ABRIL, CON LA AMICAL DE BUCHENWALD"}]},{"@type":"WebSite","@id":"https:\/\/amical-buchenwald.org\/#website","url":"https:\/\/amical-buchenwald.org\/","name":"Amical de Buchenwald","description":"","potentialAction":[{"@type":"SearchAction","target":{"@type":"EntryPoint","urlTemplate":"https:\/\/amical-buchenwald.org\/?s={search_term_string}"},"query-input":{"@type":"PropertyValueSpecification","valueRequired":true,"valueName":"search_term_string"}}],"inLanguage":"es"},{"@type":"Person","@id":"https:\/\/amical-buchenwald.org\/#\/schema\/person\/c9bab2aa9c8bb733e898235936fe9aa7","name":"Administrador","image":{"@type":"ImageObject","inLanguage":"es","@id":"https:\/\/amical-buchenwald.org\/#\/schema\/person\/image\/","url":"https:\/\/secure.gravatar.com\/avatar\/62782f0fcb027dfe28798440b5f171b1?s=96&d=mm&r=g","contentUrl":"https:\/\/secure.gravatar.com\/avatar\/62782f0fcb027dfe28798440b5f171b1?s=96&d=mm&r=g","caption":"Administrador"},"url":"https:\/\/amical-buchenwald.org\/es\/author\/adm-buchenwald2025\/"}]}},"_links":{"self":[{"href":"https:\/\/amical-buchenwald.org\/es\/wp-json\/wp\/v2\/posts\/1578","targetHints":{"allow":["GET"]}}],"collection":[{"href":"https:\/\/amical-buchenwald.org\/es\/wp-json\/wp\/v2\/posts"}],"about":[{"href":"https:\/\/amical-buchenwald.org\/es\/wp-json\/wp\/v2\/types\/post"}],"author":[{"embeddable":true,"href":"https:\/\/amical-buchenwald.org\/es\/wp-json\/wp\/v2\/users\/7"}],"replies":[{"embeddable":true,"href":"https:\/\/amical-buchenwald.org\/es\/wp-json\/wp\/v2\/comments?post=1578"}],"version-history":[{"count":2,"href":"https:\/\/amical-buchenwald.org\/es\/wp-json\/wp\/v2\/posts\/1578\/revisions"}],"predecessor-version":[{"id":1579,"href":"https:\/\/amical-buchenwald.org\/es\/wp-json\/wp\/v2\/posts\/1578\/revisions\/1579"}],"wp:featuredmedia":[{"embeddable":true,"href":"https:\/\/amical-buchenwald.org\/es\/wp-json\/wp\/v2\/media\/1570"}],"wp:attachment":[{"href":"https:\/\/amical-buchenwald.org\/es\/wp-json\/wp\/v2\/media?parent=1578"}],"wp:term":[{"taxonomy":"category","embeddable":true,"href":"https:\/\/amical-buchenwald.org\/es\/wp-json\/wp\/v2\/categories?post=1578"},{"taxonomy":"post_tag","embeddable":true,"href":"https:\/\/amical-buchenwald.org\/es\/wp-json\/wp\/v2\/tags?post=1578"}],"curies":[{"name":"wp","href":"https:\/\/api.w.org\/{rel}","templated":true}]}}