{"id":1329,"date":"2024-11-06T12:54:11","date_gmt":"2024-11-06T12:54:11","guid":{"rendered":"https:\/\/amical-buchenwald.org\/lassociacio-buchenwald-convoca-l-xi-premi-marcel%c2%b7li-garriga-de-fotografia-2025-els-camps-de-concentracio-la-mirada-del-jovent\/"},"modified":"2025-01-15T11:09:56","modified_gmt":"2025-01-15T11:09:56","slug":"lassociacio-buchenwald-convoca-l-xi-premi-marcel%c2%b7li-garriga-de-fotografia-2025-els-camps-de-concentracio-la-mirada-del-jovent","status":"publish","type":"post","link":"https:\/\/amical-buchenwald.org\/es\/lassociacio-buchenwald-convoca-l-xi-premi-marcel%c2%b7li-garriga-de-fotografia-2025-els-camps-de-concentracio-la-mirada-del-jovent\/","title":{"rendered":"L\u2019Associaci\u00f3 Buchenwald, convoca l\u2019 XI PREMI \u201cMARCEL\u00b7L\u00cd GARRIGA\u201d DE FOTOGRAFIA 2025 \u201cEls Camps de concentraci\u00f3: la mirada del jovent\u201d"},"content":{"rendered":"<p style=\"font-weight: 400;\">L\u2019Associaci\u00f3 Buchenwald convoca un any m\u00e9s el\u00a0\u00a0Premi Marcel\u00b7l\u00ed Garriga de fotografia , que enguany aquest curs 2024-2025 , arriba ja a la seva onzena edici\u00f3.<\/p>\n<p style=\"font-weight: 400;\">L\u2019 XI Premi Marcel.li Garriga de fotografia dels camps es una de les activitats\u00a0\u00a0del Projecte Buchenwald- Grup DEMD Garraf-Pened\u00e8s , amb l\u2019objectiu de recollir la visi\u00f3 que els joves aporten dels camps de concentraci\u00f3\u00a0\u00a0i de les seves experi\u00e8ncies en la visita a un camp nazi i est\u00e0 dotat amb\u00a0<strong>\u00a0<\/strong>un aparell electr\u00f2nic (c\u00e0mera fotogr\u00e0fica, tablet, etc.) valorat en 400 \u20ac. I un diploma acreditatiu.<\/p>\n<p style=\"font-weight: 400;\">\u00a0Aquest curs 2024-2025, la tem\u00e0tica de les fotos, es torna a ampliar a m\u00e9s dels camps de concentraci\u00f3, a altres espais o elements arquitect\u00f2nics o de l\u2019espai p\u00fablic, personatges, esdeveniments de mem\u00f2ria, relacionats amb la mem\u00f2ria democr\u00e0tica o la mem\u00f2ria de la deportaci\u00f3.<\/p>\n<p style=\"font-weight: 400;\">\u00a0El Premi est\u00e0 dirigit\u00a0\u00a0a alumnes de 4art. d\u2019ESO i Batxillerat, i exalumnes participants en el projecte i a tot l\u2019alumnat\u00a0\u00a0dels centres\u00a0\u00a0de secund\u00e0ria de l\u2019Estat Espanyol, o d\u2019altres pa\u00efsos que participen i col\u00b7laboren amb els projectes de mem\u00f2ria de les diferents Amicals i entitats memorialistes.<\/p>\n<p style=\"font-weight: 400;\"><strong>\u00a0<\/strong>Els treballs presentats s\u2019exposaran paral\u00b7lelament a l\u2019 Exposici\u00f3\u00a0\u00a0que el projecte programi per aquest curs en l\u2019espai triat i tamb\u00e9 en el marc de la\u00a0\u00a0Trobada de Joves\u00a0\u00a0dels grups DEMD . El premi es lliurar\u00e0 a finals d\u2019abril.<\/p>\n","protected":false},"excerpt":{"rendered":"<p>L\u2019Associaci\u00f3 Buchenwald convoca un any m\u00e9s el\u00a0\u00a0Premi Marcel\u00b7l\u00ed Garriga de fotografia , que enguany aquest curs 2024-2025 , arriba ja a la seva onzena edici\u00f3. L\u2019 XI Premi Marcel.li Garriga de fotografia dels camps es una de les activitats\u00a0\u00a0del Projecte Buchenwald- Grup DEMD Garraf-Pened\u00e8s , amb l\u2019objectiu de recollir la visi\u00f3 que els joves aporten [&hellip;]<\/p>\n","protected":false},"author":1,"featured_media":854,"comment_status":"open","ping_status":"open","sticky":false,"template":"","format":"standard","meta":{"_acf_changed":false,"footnotes":""},"categories":[4],"tags":[],"class_list":["post-1329","post","type-post","status-publish","format-standard","has-post-thumbnail","hentry","category-actividades"],"acf":[],"yoast_head":"<!-- This site is optimized with the Yoast SEO plugin v26.6 - https:\/\/yoast.com\/wordpress\/plugins\/seo\/ -->\n<title>L\u2019Associaci\u00f3 Buchenwald, convoca l\u2019 XI PREMI \u201cMARCEL\u00b7L\u00cd GARRIGA\u201d DE FOTOGRAFIA 2025 \u201cEls Camps de concentraci\u00f3: la mirada del jovent\u201d - Amical de Buchenwald<\/title>\n<meta name=\"robots\" content=\"index, follow, max-snippet:-1, max-image-preview:large, max-video-preview:-1\" \/>\n<link rel=\"canonical\" href=\"https:\/\/amical-buchenwald.org\/lassociacio-buchenwald-convoca-l-xi-premi-marcel\u00b7li-garriga-de-fotografia-2025-els-camps-de-concentracio-la-mirada-del-jovent\/\" \/>\n<meta property=\"og:locale\" content=\"es_ES\" \/>\n<meta property=\"og:type\" content=\"article\" \/>\n<meta property=\"og:title\" content=\"L\u2019Associaci\u00f3 Buchenwald, convoca l\u2019 XI PREMI \u201cMARCEL\u00b7L\u00cd GARRIGA\u201d DE FOTOGRAFIA 2025 \u201cEls Camps de concentraci\u00f3: la mirada del jovent\u201d - Amical de Buchenwald\" \/>\n<meta property=\"og:description\" content=\"L\u2019Associaci\u00f3 Buchenwald convoca un any m\u00e9s el\u00a0\u00a0Premi Marcel\u00b7l\u00ed Garriga de fotografia , que enguany aquest curs 2024-2025 , arriba ja a la seva onzena edici\u00f3. L\u2019 XI Premi Marcel.li Garriga de fotografia dels camps es una de les activitats\u00a0\u00a0del Projecte Buchenwald- Grup DEMD Garraf-Pened\u00e8s , amb l\u2019objectiu de recollir la visi\u00f3 que els joves aporten [&hellip;]\" \/>\n<meta property=\"og:url\" content=\"https:\/\/amical-buchenwald.org\/lassociacio-buchenwald-convoca-l-xi-premi-marcel\u00b7li-garriga-de-fotografia-2025-els-camps-de-concentracio-la-mirada-del-jovent\/\" \/>\n<meta property=\"og:site_name\" content=\"Amical de Buchenwald\" \/>\n<meta property=\"article:published_time\" content=\"2024-11-06T12:54:11+00:00\" \/>\n<meta property=\"article:modified_time\" content=\"2025-01-15T11:09:56+00:00\" \/>\n<meta property=\"og:image\" content=\"https:\/\/amical-buchenwald.org\/wp-content\/uploads\/2024\/11\/cartell.jpg\" \/>\n\t<meta property=\"og:image:width\" content=\"1131\" \/>\n\t<meta property=\"og:image:height\" content=\"1600\" \/>\n\t<meta property=\"og:image:type\" content=\"image\/jpeg\" \/>\n<meta name=\"author\" content=\"admin\" \/>\n<meta name=\"twitter:card\" content=\"summary_large_image\" \/>\n<meta name=\"twitter:label1\" content=\"Escrito por\" \/>\n\t<meta name=\"twitter:data1\" content=\"admin\" \/>\n\t<meta name=\"twitter:label2\" content=\"Tiempo de lectura\" \/>\n\t<meta name=\"twitter:data2\" content=\"1 minuto\" \/>\n<script type=\"application\/ld+json\" class=\"yoast-schema-graph\">{\"@context\":\"https:\/\/schema.org\",\"@graph\":[{\"@type\":\"WebPage\",\"@id\":\"https:\/\/amical-buchenwald.org\/lassociacio-buchenwald-convoca-l-xi-premi-marcel%c2%b7li-garriga-de-fotografia-2025-els-camps-de-concentracio-la-mirada-del-jovent\/\",\"url\":\"https:\/\/amical-buchenwald.org\/lassociacio-buchenwald-convoca-l-xi-premi-marcel%c2%b7li-garriga-de-fotografia-2025-els-camps-de-concentracio-la-mirada-del-jovent\/\",\"name\":\"L\u2019Associaci\u00f3 Buchenwald, convoca l\u2019 XI PREMI \u201cMARCEL\u00b7L\u00cd GARRIGA\u201d DE FOTOGRAFIA 2025 \u201cEls Camps de concentraci\u00f3: la mirada del jovent\u201d - Amical de Buchenwald\",\"isPartOf\":{\"@id\":\"https:\/\/amical-buchenwald.org\/#website\"},\"primaryImageOfPage\":{\"@id\":\"https:\/\/amical-buchenwald.org\/lassociacio-buchenwald-convoca-l-xi-premi-marcel%c2%b7li-garriga-de-fotografia-2025-els-camps-de-concentracio-la-mirada-del-jovent\/#primaryimage\"},\"image\":{\"@id\":\"https:\/\/amical-buchenwald.org\/lassociacio-buchenwald-convoca-l-xi-premi-marcel%c2%b7li-garriga-de-fotografia-2025-els-camps-de-concentracio-la-mirada-del-jovent\/#primaryimage\"},\"thumbnailUrl\":\"https:\/\/amical-buchenwald.org\/wp-content\/uploads\/2024\/11\/cartell.jpg\",\"datePublished\":\"2024-11-06T12:54:11+00:00\",\"dateModified\":\"2025-01-15T11:09:56+00:00\",\"author\":{\"@id\":\"https:\/\/amical-buchenwald.org\/#\/schema\/person\/be741e211355dae889b1a41674c2f48b\"},\"breadcrumb\":{\"@id\":\"https:\/\/amical-buchenwald.org\/lassociacio-buchenwald-convoca-l-xi-premi-marcel%c2%b7li-garriga-de-fotografia-2025-els-camps-de-concentracio-la-mirada-del-jovent\/#breadcrumb\"},\"inLanguage\":\"es\",\"potentialAction\":[{\"@type\":\"ReadAction\",\"target\":[\"https:\/\/amical-buchenwald.org\/lassociacio-buchenwald-convoca-l-xi-premi-marcel%c2%b7li-garriga-de-fotografia-2025-els-camps-de-concentracio-la-mirada-del-jovent\/\"]}]},{\"@type\":\"ImageObject\",\"inLanguage\":\"es\",\"@id\":\"https:\/\/amical-buchenwald.org\/lassociacio-buchenwald-convoca-l-xi-premi-marcel%c2%b7li-garriga-de-fotografia-2025-els-camps-de-concentracio-la-mirada-del-jovent\/#primaryimage\",\"url\":\"https:\/\/amical-buchenwald.org\/wp-content\/uploads\/2024\/11\/cartell.jpg\",\"contentUrl\":\"https:\/\/amical-buchenwald.org\/wp-content\/uploads\/2024\/11\/cartell.jpg\",\"width\":1131,\"height\":1600},{\"@type\":\"BreadcrumbList\",\"@id\":\"https:\/\/amical-buchenwald.org\/lassociacio-buchenwald-convoca-l-xi-premi-marcel%c2%b7li-garriga-de-fotografia-2025-els-camps-de-concentracio-la-mirada-del-jovent\/#breadcrumb\",\"itemListElement\":[{\"@type\":\"ListItem\",\"position\":1,\"name\":\"Inici\",\"item\":\"https:\/\/amical-buchenwald.org\/es\/\"},{\"@type\":\"ListItem\",\"position\":2,\"name\":\"L\u2019Associaci\u00f3 Buchenwald, convoca l\u2019 XI PREMI \u201cMARCEL\u00b7L\u00cd GARRIGA\u201d DE FOTOGRAFIA 2025 \u201cEls Camps de concentraci\u00f3: la mirada del jovent\u201d\"}]},{\"@type\":\"WebSite\",\"@id\":\"https:\/\/amical-buchenwald.org\/#website\",\"url\":\"https:\/\/amical-buchenwald.org\/\",\"name\":\"Amical de Buchenwald\",\"description\":\"\",\"potentialAction\":[{\"@type\":\"SearchAction\",\"target\":{\"@type\":\"EntryPoint\",\"urlTemplate\":\"https:\/\/amical-buchenwald.org\/?s={search_term_string}\"},\"query-input\":{\"@type\":\"PropertyValueSpecification\",\"valueRequired\":true,\"valueName\":\"search_term_string\"}}],\"inLanguage\":\"es\"},{\"@type\":\"Person\",\"@id\":\"https:\/\/amical-buchenwald.org\/#\/schema\/person\/be741e211355dae889b1a41674c2f48b\",\"name\":\"admin\",\"image\":{\"@type\":\"ImageObject\",\"inLanguage\":\"es\",\"@id\":\"https:\/\/amical-buchenwald.org\/#\/schema\/person\/image\/\",\"url\":\"https:\/\/secure.gravatar.com\/avatar\/024823945e2789cdb5f5e9fd7fd9fdd3?s=96&d=mm&r=g\",\"contentUrl\":\"https:\/\/secure.gravatar.com\/avatar\/024823945e2789cdb5f5e9fd7fd9fdd3?s=96&d=mm&r=g\",\"caption\":\"admin\"},\"url\":\"https:\/\/amical-buchenwald.org\/es\/author\/admin-2-2-2-2-2-2-2\/\"}]}<\/script>\n<!-- \/ Yoast SEO plugin. -->","yoast_head_json":{"title":"L\u2019Associaci\u00f3 Buchenwald, convoca l\u2019 XI PREMI \u201cMARCEL\u00b7L\u00cd GARRIGA\u201d DE FOTOGRAFIA 2025 \u201cEls Camps de concentraci\u00f3: la mirada del jovent\u201d - Amical de Buchenwald","robots":{"index":"index","follow":"follow","max-snippet":"max-snippet:-1","max-image-preview":"max-image-preview:large","max-video-preview":"max-video-preview:-1"},"canonical":"https:\/\/amical-buchenwald.org\/lassociacio-buchenwald-convoca-l-xi-premi-marcel\u00b7li-garriga-de-fotografia-2025-els-camps-de-concentracio-la-mirada-del-jovent\/","og_locale":"es_ES","og_type":"article","og_title":"L\u2019Associaci\u00f3 Buchenwald, convoca l\u2019 XI PREMI \u201cMARCEL\u00b7L\u00cd GARRIGA\u201d DE FOTOGRAFIA 2025 \u201cEls Camps de concentraci\u00f3: la mirada del jovent\u201d - Amical de Buchenwald","og_description":"L\u2019Associaci\u00f3 Buchenwald convoca un any m\u00e9s el\u00a0\u00a0Premi Marcel\u00b7l\u00ed Garriga de fotografia , que enguany aquest curs 2024-2025 , arriba ja a la seva onzena edici\u00f3. L\u2019 XI Premi Marcel.li Garriga de fotografia dels camps es una de les activitats\u00a0\u00a0del Projecte Buchenwald- Grup DEMD Garraf-Pened\u00e8s , amb l\u2019objectiu de recollir la visi\u00f3 que els joves aporten [&hellip;]","og_url":"https:\/\/amical-buchenwald.org\/lassociacio-buchenwald-convoca-l-xi-premi-marcel\u00b7li-garriga-de-fotografia-2025-els-camps-de-concentracio-la-mirada-del-jovent\/","og_site_name":"Amical de Buchenwald","article_published_time":"2024-11-06T12:54:11+00:00","article_modified_time":"2025-01-15T11:09:56+00:00","og_image":[{"width":1131,"height":1600,"url":"https:\/\/amical-buchenwald.org\/wp-content\/uploads\/2024\/11\/cartell.jpg","type":"image\/jpeg"}],"author":"admin","twitter_card":"summary_large_image","twitter_misc":{"Escrito por":"admin","Tiempo de lectura":"1 minuto"},"schema":{"@context":"https:\/\/schema.org","@graph":[{"@type":"WebPage","@id":"https:\/\/amical-buchenwald.org\/lassociacio-buchenwald-convoca-l-xi-premi-marcel%c2%b7li-garriga-de-fotografia-2025-els-camps-de-concentracio-la-mirada-del-jovent\/","url":"https:\/\/amical-buchenwald.org\/lassociacio-buchenwald-convoca-l-xi-premi-marcel%c2%b7li-garriga-de-fotografia-2025-els-camps-de-concentracio-la-mirada-del-jovent\/","name":"L\u2019Associaci\u00f3 Buchenwald, convoca l\u2019 XI PREMI \u201cMARCEL\u00b7L\u00cd GARRIGA\u201d DE FOTOGRAFIA 2025 \u201cEls Camps de concentraci\u00f3: la mirada del jovent\u201d - Amical de Buchenwald","isPartOf":{"@id":"https:\/\/amical-buchenwald.org\/#website"},"primaryImageOfPage":{"@id":"https:\/\/amical-buchenwald.org\/lassociacio-buchenwald-convoca-l-xi-premi-marcel%c2%b7li-garriga-de-fotografia-2025-els-camps-de-concentracio-la-mirada-del-jovent\/#primaryimage"},"image":{"@id":"https:\/\/amical-buchenwald.org\/lassociacio-buchenwald-convoca-l-xi-premi-marcel%c2%b7li-garriga-de-fotografia-2025-els-camps-de-concentracio-la-mirada-del-jovent\/#primaryimage"},"thumbnailUrl":"https:\/\/amical-buchenwald.org\/wp-content\/uploads\/2024\/11\/cartell.jpg","datePublished":"2024-11-06T12:54:11+00:00","dateModified":"2025-01-15T11:09:56+00:00","author":{"@id":"https:\/\/amical-buchenwald.org\/#\/schema\/person\/be741e211355dae889b1a41674c2f48b"},"breadcrumb":{"@id":"https:\/\/amical-buchenwald.org\/lassociacio-buchenwald-convoca-l-xi-premi-marcel%c2%b7li-garriga-de-fotografia-2025-els-camps-de-concentracio-la-mirada-del-jovent\/#breadcrumb"},"inLanguage":"es","potentialAction":[{"@type":"ReadAction","target":["https:\/\/amical-buchenwald.org\/lassociacio-buchenwald-convoca-l-xi-premi-marcel%c2%b7li-garriga-de-fotografia-2025-els-camps-de-concentracio-la-mirada-del-jovent\/"]}]},{"@type":"ImageObject","inLanguage":"es","@id":"https:\/\/amical-buchenwald.org\/lassociacio-buchenwald-convoca-l-xi-premi-marcel%c2%b7li-garriga-de-fotografia-2025-els-camps-de-concentracio-la-mirada-del-jovent\/#primaryimage","url":"https:\/\/amical-buchenwald.org\/wp-content\/uploads\/2024\/11\/cartell.jpg","contentUrl":"https:\/\/amical-buchenwald.org\/wp-content\/uploads\/2024\/11\/cartell.jpg","width":1131,"height":1600},{"@type":"BreadcrumbList","@id":"https:\/\/amical-buchenwald.org\/lassociacio-buchenwald-convoca-l-xi-premi-marcel%c2%b7li-garriga-de-fotografia-2025-els-camps-de-concentracio-la-mirada-del-jovent\/#breadcrumb","itemListElement":[{"@type":"ListItem","position":1,"name":"Inici","item":"https:\/\/amical-buchenwald.org\/es\/"},{"@type":"ListItem","position":2,"name":"L\u2019Associaci\u00f3 Buchenwald, convoca l\u2019 XI PREMI \u201cMARCEL\u00b7L\u00cd GARRIGA\u201d DE FOTOGRAFIA 2025 \u201cEls Camps de concentraci\u00f3: la mirada del jovent\u201d"}]},{"@type":"WebSite","@id":"https:\/\/amical-buchenwald.org\/#website","url":"https:\/\/amical-buchenwald.org\/","name":"Amical de Buchenwald","description":"","potentialAction":[{"@type":"SearchAction","target":{"@type":"EntryPoint","urlTemplate":"https:\/\/amical-buchenwald.org\/?s={search_term_string}"},"query-input":{"@type":"PropertyValueSpecification","valueRequired":true,"valueName":"search_term_string"}}],"inLanguage":"es"},{"@type":"Person","@id":"https:\/\/amical-buchenwald.org\/#\/schema\/person\/be741e211355dae889b1a41674c2f48b","name":"admin","image":{"@type":"ImageObject","inLanguage":"es","@id":"https:\/\/amical-buchenwald.org\/#\/schema\/person\/image\/","url":"https:\/\/secure.gravatar.com\/avatar\/024823945e2789cdb5f5e9fd7fd9fdd3?s=96&d=mm&r=g","contentUrl":"https:\/\/secure.gravatar.com\/avatar\/024823945e2789cdb5f5e9fd7fd9fdd3?s=96&d=mm&r=g","caption":"admin"},"url":"https:\/\/amical-buchenwald.org\/es\/author\/admin-2-2-2-2-2-2-2\/"}]}},"_links":{"self":[{"href":"https:\/\/amical-buchenwald.org\/es\/wp-json\/wp\/v2\/posts\/1329","targetHints":{"allow":["GET"]}}],"collection":[{"href":"https:\/\/amical-buchenwald.org\/es\/wp-json\/wp\/v2\/posts"}],"about":[{"href":"https:\/\/amical-buchenwald.org\/es\/wp-json\/wp\/v2\/types\/post"}],"author":[{"embeddable":true,"href":"https:\/\/amical-buchenwald.org\/es\/wp-json\/wp\/v2\/users\/1"}],"replies":[{"embeddable":true,"href":"https:\/\/amical-buchenwald.org\/es\/wp-json\/wp\/v2\/comments?post=1329"}],"version-history":[{"count":1,"href":"https:\/\/amical-buchenwald.org\/es\/wp-json\/wp\/v2\/posts\/1329\/revisions"}],"predecessor-version":[{"id":1498,"href":"https:\/\/amical-buchenwald.org\/es\/wp-json\/wp\/v2\/posts\/1329\/revisions\/1498"}],"wp:featuredmedia":[{"embeddable":true,"href":"https:\/\/amical-buchenwald.org\/es\/wp-json\/wp\/v2\/media\/854"}],"wp:attachment":[{"href":"https:\/\/amical-buchenwald.org\/es\/wp-json\/wp\/v2\/media?parent=1329"}],"wp:term":[{"taxonomy":"category","embeddable":true,"href":"https:\/\/amical-buchenwald.org\/es\/wp-json\/wp\/v2\/categories?post=1329"},{"taxonomy":"post_tag","embeddable":true,"href":"https:\/\/amical-buchenwald.org\/es\/wp-json\/wp\/v2\/tags?post=1329"}],"curies":[{"name":"wp","href":"https:\/\/api.w.org\/{rel}","templated":true}]}}